{"id":1125,"date":"2020-01-30T19:18:23","date_gmt":"2020-01-30T19:18:23","guid":{"rendered":"https:\/\/www.dursmlodzi.org.pl\/?p=1125"},"modified":"2020-01-30T19:18:23","modified_gmt":"2020-01-30T19:18:23","slug":"xix-tref-dupowatosc-slonsko","status":"publish","type":"post","link":"https:\/\/www.dursmlodzi.org.pl\/?p=1125","title":{"rendered":"XIX tref \u2013 Dupowato\u015b\u0107 \u015bl\u014dnsko"},"content":{"rendered":"<p><span style=\"color: #000000;\">Dzisiej we Halo Rybnik b\u014d\u0142 XIX ju\u017c tref ze seryji \u015al\u014dnski Sztwortek. Tymat: \u201eDupowato\u015b\u0107 \u015bl\u014dnsko\u201d- prowda, eli mit? \u00d4 tym i o inszych \u015bl\u014dnskich sprawach po\u00f4sprawio\u0142 wiceprezes DUR\u015a Wojciech Orlinski. Na trefie kej dycki sz\u0142o nie yno pos\u0142\u014dcha\u0107, ale i pogoda\u0107.<\/span><\/p>\n<p>&nbsp;<\/p>\n<p>&nbsp;<\/p>\n<p><span style=\"color: #000000;\">Foto Damian Bizo\u0144<\/span><\/p>\n<div class=\"rl-gallery-container rl-loading\" id=\"rl-gallery-container-1\" data-gallery_id=\"1128\"> <div class=\"rl-gallery rl-basicgrid-gallery \" id=\"rl-gallery-1\" data-gallery_no=\"1\"> <div class=\"rl-gallery-item\"><a href=\"https:\/\/www.dursmlodzi.org.pl\/wp-content\/uploads\/2020\/01\/DSC_5007.jpg\" title=\"\" data-rl_title=\"\" class=\"rl-gallery-link\" data-rl_caption=\"\" data-rel=\"lightbox-gallery-1\"><img loading=\"lazy\" decoding=\"async\" src=\"https:\/\/www.dursmlodzi.org.pl\/wp-content\/uploads\/2020\/01\/DSC_5007-150x150.jpg\" width=\"150\" height=\"150\" alt=\"\"\/><\/a><\/div><div class=\"rl-gallery-item\"><a href=\"https:\/\/www.dursmlodzi.org.pl\/wp-content\/uploads\/2020\/01\/DSC_5014.jpg\" title=\"\" data-rl_title=\"\" class=\"rl-gallery-link\" data-rl_caption=\"\" data-rel=\"lightbox-gallery-1\"><img loading=\"lazy\" decoding=\"async\" src=\"https:\/\/www.dursmlodzi.org.pl\/wp-content\/uploads\/2020\/01\/DSC_5014-150x150.jpg\" width=\"150\" height=\"150\" alt=\"\"\/><\/a><\/div><div class=\"rl-gallery-item\"><a href=\"https:\/\/www.dursmlodzi.org.pl\/wp-content\/uploads\/2020\/01\/DSC_5017.jpg\" title=\"\" data-rl_title=\"\" class=\"rl-gallery-link\" data-rl_caption=\"\" data-rel=\"lightbox-gallery-1\"><img loading=\"lazy\" decoding=\"async\" src=\"https:\/\/www.dursmlodzi.org.pl\/wp-content\/uploads\/2020\/01\/DSC_5017-150x150.jpg\" width=\"150\" height=\"150\" alt=\"\"\/><\/a><\/div><div class=\"rl-gallery-item\"><a href=\"https:\/\/www.dursmlodzi.org.pl\/wp-content\/uploads\/2020\/01\/DSC_5021.jpg\" title=\"\" data-rl_title=\"\" class=\"rl-gallery-link\" data-rl_caption=\"\" data-rel=\"lightbox-gallery-1\"><img loading=\"lazy\" decoding=\"async\" src=\"https:\/\/www.dursmlodzi.org.pl\/wp-content\/uploads\/2020\/01\/DSC_5021-150x150.jpg\" width=\"150\" height=\"150\" alt=\"\"\/><\/a><\/div><div class=\"rl-gallery-item\"><a href=\"https:\/\/www.dursmlodzi.org.pl\/wp-content\/uploads\/2020\/01\/DSC_5026.jpg\" title=\"\" data-rl_title=\"\" class=\"rl-gallery-link\" data-rl_caption=\"\" data-rel=\"lightbox-gallery-1\"><img loading=\"lazy\" decoding=\"async\" src=\"https:\/\/www.dursmlodzi.org.pl\/wp-content\/uploads\/2020\/01\/DSC_5026-150x150.jpg\" width=\"150\" height=\"150\" alt=\"\"\/><\/a><\/div><div class=\"rl-gallery-item\"><a href=\"https:\/\/www.dursmlodzi.org.pl\/wp-content\/uploads\/2020\/01\/DSC_5027.jpg\" title=\"\" data-rl_title=\"\" class=\"rl-gallery-link\" data-rl_caption=\"\" data-rel=\"lightbox-gallery-1\"><img loading=\"lazy\" decoding=\"async\" src=\"https:\/\/www.dursmlodzi.org.pl\/wp-content\/uploads\/2020\/01\/DSC_5027-150x150.jpg\" width=\"150\" height=\"150\" alt=\"\"\/><\/a><\/div><div class=\"rl-gallery-item\"><a href=\"https:\/\/www.dursmlodzi.org.pl\/wp-content\/uploads\/2020\/01\/DSC_5034.jpg\" title=\"\" data-rl_title=\"\" class=\"rl-gallery-link\" data-rl_caption=\"\" data-rel=\"lightbox-gallery-1\"><img loading=\"lazy\" decoding=\"async\" src=\"https:\/\/www.dursmlodzi.org.pl\/wp-content\/uploads\/2020\/01\/DSC_5034-150x150.jpg\" width=\"150\" height=\"150\" alt=\"\"\/><\/a><\/div><div class=\"rl-gallery-item\"><a href=\"https:\/\/www.dursmlodzi.org.pl\/wp-content\/uploads\/2020\/01\/DSC_5035.jpg\" title=\"\" data-rl_title=\"\" class=\"rl-gallery-link\" data-rl_caption=\"\" data-rel=\"lightbox-gallery-1\"><img loading=\"lazy\" decoding=\"async\" src=\"https:\/\/www.dursmlodzi.org.pl\/wp-content\/uploads\/2020\/01\/DSC_5035-150x150.jpg\" width=\"150\" height=\"150\" alt=\"\"\/><\/a><\/div><div class=\"rl-gallery-item\"><a href=\"https:\/\/www.dursmlodzi.org.pl\/wp-content\/uploads\/2020\/01\/DSC_5038.jpg\" title=\"\" data-rl_title=\"\" class=\"rl-gallery-link\" data-rl_caption=\"\" data-rel=\"lightbox-gallery-1\"><img loading=\"lazy\" decoding=\"async\" src=\"https:\/\/www.dursmlodzi.org.pl\/wp-content\/uploads\/2020\/01\/DSC_5038-150x150.jpg\" width=\"150\" height=\"150\" alt=\"\"\/><\/a><\/div><div class=\"rl-gallery-item\"><a href=\"https:\/\/www.dursmlodzi.org.pl\/wp-content\/uploads\/2020\/01\/DSC_5048.jpg\" title=\"\" data-rl_title=\"\" class=\"rl-gallery-link\" data-rl_caption=\"\" data-rel=\"lightbox-gallery-1\"><img loading=\"lazy\" decoding=\"async\" src=\"https:\/\/www.dursmlodzi.org.pl\/wp-content\/uploads\/2020\/01\/DSC_5048-150x150.jpg\" width=\"150\" height=\"150\" alt=\"\"\/><\/a><\/div><div class=\"rl-gallery-item\"><a href=\"https:\/\/www.dursmlodzi.org.pl\/wp-content\/uploads\/2020\/01\/DSC_5049.jpg\" title=\"\" data-rl_title=\"\" class=\"rl-gallery-link\" data-rl_caption=\"\" data-rel=\"lightbox-gallery-1\"><img loading=\"lazy\" decoding=\"async\" src=\"https:\/\/www.dursmlodzi.org.pl\/wp-content\/uploads\/2020\/01\/DSC_5049-150x150.jpg\" width=\"150\" height=\"150\" alt=\"\"\/><\/a><\/div><div class=\"rl-gallery-item\"><a href=\"https:\/\/www.dursmlodzi.org.pl\/wp-content\/uploads\/2020\/01\/DSC_5055.jpg\" title=\"\" data-rl_title=\"\" class=\"rl-gallery-link\" data-rl_caption=\"\" data-rel=\"lightbox-gallery-1\"><img loading=\"lazy\" decoding=\"async\" src=\"https:\/\/www.dursmlodzi.org.pl\/wp-content\/uploads\/2020\/01\/DSC_5055-150x150.jpg\" width=\"150\" height=\"150\" alt=\"\"\/><\/a><\/div> <\/div> <\/div>\n","protected":false},"excerpt":{"rendered":"<p>Dzisiej we Halo Rybnik b\u014d\u0142 XIX ju\u017c tref ze seryji \u015al\u014dnski Sztwortek. Tymat: \u201eDupowato\u015b\u0107 \u015bl\u014dnsko\u201d- prowda, eli mit? \u00d4 tym i o inszych \u015bl\u014dnskich sprawach po\u00f4sprawio\u0142 wiceprezes DUR\u015a Wojciech Orlinski. Na trefie kej dycki sz\u0142o nie yno pos\u0142\u014dcha\u0107, ale i pogoda\u0107. &nbsp; &nbsp; Foto Damian Bizo\u0144<\/p>\n","protected":false},"author":1,"featured_media":1142,"comment_status":"closed","ping_status":"closed","sticky":false,"template":"","format":"standard","meta":{"footnotes":""},"categories":[5,14],"tags":[],"class_list":["post-1125","post","type-post","status-publish","format-standard","has-post-thumbnail","hentry","category-aktualnosci","category-tref"],"_links":{"self":[{"href":"https:\/\/www.dursmlodzi.org.pl\/index.php?rest_route=\/wp\/v2\/posts\/1125","targetHints":{"allow":["GET"]}}],"collection":[{"href":"https:\/\/www.dursmlodzi.org.pl\/index.php?rest_route=\/wp\/v2\/posts"}],"about":[{"href":"https:\/\/www.dursmlodzi.org.pl\/index.php?rest_route=\/wp\/v2\/types\/post"}],"author":[{"embeddable":true,"href":"https:\/\/www.dursmlodzi.org.pl\/index.php?rest_route=\/wp\/v2\/users\/1"}],"replies":[{"embeddable":true,"href":"https:\/\/www.dursmlodzi.org.pl\/index.php?rest_route=%2Fwp%2Fv2%2Fcomments&post=1125"}],"version-history":[{"count":1,"href":"https:\/\/www.dursmlodzi.org.pl\/index.php?rest_route=\/wp\/v2\/posts\/1125\/revisions"}],"predecessor-version":[{"id":1145,"href":"https:\/\/www.dursmlodzi.org.pl\/index.php?rest_route=\/wp\/v2\/posts\/1125\/revisions\/1145"}],"wp:featuredmedia":[{"embeddable":true,"href":"https:\/\/www.dursmlodzi.org.pl\/index.php?rest_route=\/wp\/v2\/media\/1142"}],"wp:attachment":[{"href":"https:\/\/www.dursmlodzi.org.pl\/index.php?rest_route=%2Fwp%2Fv2%2Fmedia&parent=1125"}],"wp:term":[{"taxonomy":"category","embeddable":true,"href":"https:\/\/www.dursmlodzi.org.pl\/index.php?rest_route=%2Fwp%2Fv2%2Fcategories&post=1125"},{"taxonomy":"post_tag","embeddable":true,"href":"https:\/\/www.dursmlodzi.org.pl\/index.php?rest_route=%2Fwp%2Fv2%2Ftags&post=1125"}],"curies":[{"name":"wp","href":"https:\/\/api.w.org\/{rel}","templated":true}]}}