{"id":1216,"date":"2021-01-11T19:02:43","date_gmt":"2021-01-11T19:02:43","guid":{"rendered":"https:\/\/www.dursmlodzi.org.pl\/?p=1216"},"modified":"2021-01-11T19:05:17","modified_gmt":"2021-01-11T19:05:17","slug":"momy-to%e2%9d%97","status":"publish","type":"post","link":"https:\/\/www.dursmlodzi.org.pl\/?p=1216","title":{"rendered":"M\u014dmy to\u2757"},"content":{"rendered":"<div class=\"bi6gxh9e\"><span class=\"d2edcug0 hpfvmrgz qv66sw1b c1et5uql rrkovp55 jq4qci2q a3bd9o3v knj5qynh oo9gr5id\" style=\"color: #000000;\">M\u014dmy to<span class=\"pq6dq46d tbxw36s4 knj5qynh kvgmc6g5 ditlmg2l oygrvhab nvdbi5me sf5mxxl7 gl3lb2sf hhz5lgdu\"><img loading=\"lazy\" decoding=\"async\" id=\"047aa833-686d-4cf9-af13-2e5f85babb0f\" src=\"https:\/\/static.xx.fbcdn.net\/images\/emoji.php\/v9\/td7\/1.5\/16\/2757.png\" alt=\"\u2757\" width=\"16\" height=\"16\" \/><br \/>\n<\/span><\/span><\/div>\n<div class=\"bi6gxh9e\"><span class=\"d2edcug0 hpfvmrgz qv66sw1b c1et5uql rrkovp55 jq4qci2q a3bd9o3v knj5qynh oo9gr5id\" style=\"color: #000000;\">Dogodali my sie w sprawie Spisu Powszechnego 2021.<\/span><\/div>\n<div><\/div>\n<div class=\"bi6gxh9e\"><span class=\"d2edcug0 hpfvmrgz qv66sw1b c1et5uql rrkovp55 jq4qci2q a3bd9o3v knj5qynh oo9gr5id\" style=\"color: #000000;\">23 podmioty \u015bl\u0105skiej polityki (partie, stowarzyszenia, blogerzy, politycy i inksi). Wszyscy w jednej sprawie &#8211; zobowi\u0105zujemy si\u0119 do wsp\u00f3\u0142pracy na rzecz promocji deklarowania to\u017csamo\u015bci \u015bl\u0105skiej oraz j\u0119zyka \u015bl\u0105skiego w ramach Narodowego Spisu Powszechnego Ludno\u015bci i Mieszka\u0144 organizowanego w Polsce od 1 kwietnia do 30 czerwca 2021 roku.<\/span><\/div>\n<div><\/div>\n<div class=\"bi6gxh9e\"><span class=\"d2edcug0 hpfvmrgz qv66sw1b c1et5uql rrkovp55 jq4qci2q a3bd9o3v knj5qynh oo9gr5id\" style=\"color: #000000;\">W ramach naszego porozumienia b\u0119dziemy podejmowa\u0107 zar\u00f3wno wsp\u00f3lne, jak i indywidualne dzia\u0142ania promuj\u0105ce mo\u017cliwo\u015b\u0107 deklarowania w formularzu spisowym narodowo\u015bci \u015bl\u0105skiej oraz j\u0119zyka \u015bl\u0105skiego. Poprowadzimy akcje informuj\u0105ce o zasadach udzia\u0142u w Spisie. Celem profesjonalnego wsparcia technicznego i logistycznego dotrzemy do tych os\u00f3b, kt\u00f3re chc\u0105 uczestniczy\u0107 w Spisie, a nie maj\u0105 ku temu mo\u017cliwo\u015bci \u2013 osoby starsze, z niepe\u0142nosprawno\u015bciami i te wykluczone cyfrowo. B\u0119dziemy tak\u017ce czuwa\u0107 nad prawid\u0142owym przebiegiem Spisu.<\/span><\/div>\n<div><\/div>\n<div class=\"bi6gxh9e\"><span class=\"d2edcug0 hpfvmrgz qv66sw1b c1et5uql rrkovp55 jq4qci2q a3bd9o3v knj5qynh oo9gr5id\" style=\"color: #000000;\">Zobowi\u0105zujemy si\u0119 r\u00f3wnie\u017c do partnerskiej wsp\u00f3\u0142pracy przy realizacji powy\u017cszych cel\u00f3w tak wsp\u00f3lnie w obr\u0119bie tej akcji, jak i indywidualnie.<\/span><\/div>\n<div class=\"bi6gxh9e\"><span class=\"d2edcug0 hpfvmrgz qv66sw1b c1et5uql rrkovp55 jq4qci2q a3bd9o3v knj5qynh oo9gr5id\" style=\"color: #000000;\">Wszystkie nasze dzia\u0142ania i akcje opisane b\u0119d\u0105 na stronie slonzoki.pl<\/span><\/div>\n<div class=\"bi6gxh9e\"><span class=\"d2edcug0 hpfvmrgz qv66sw1b c1et5uql rrkovp55 jq4qci2q a3bd9o3v knj5qynh oo9gr5id\" style=\"color: #000000;\">Stonger together<span class=\"pq6dq46d tbxw36s4 knj5qynh kvgmc6g5 ditlmg2l oygrvhab nvdbi5me sf5mxxl7 gl3lb2sf hhz5lgdu\"><img loading=\"lazy\" decoding=\"async\" id=\"3f8a1d09-4a64-4039-bf01-38e45c59ec89\" src=\"https:\/\/static.xx.fbcdn.net\/images\/emoji.php\/v9\/td7\/1.5\/16\/2757.png\" alt=\"\u2757\" width=\"16\" height=\"16\" \/><\/span><\/span><\/div>\n<div><\/div>\n<div><\/div>\n<div class=\"bi6gxh9e\"><span class=\"d2edcug0 hpfvmrgz qv66sw1b c1et5uql rrkovp55 jq4qci2q a3bd9o3v knj5qynh oo9gr5id\" style=\"color: #000000;\">@KohutLukaszMarcin @plura.marek @RosaMonikaAnna @KopiecMaciej @partiaslaska @slonzokirazem @<a class=\"oajrlxb2 g5ia77u1 qu0x051f esr5mh6w e9989ue4 r7d6kgcz rq0escxv nhd2j8a9 nc684nl6 p7hjln8o kvgmc6g5 cxmmr5t8 oygrvhab hcukyx3x jb3vyjys rz4wbd8a qt6c0cv9 a8nywdso i1ao9s8h esuyzwwr f1sip0of lzcic4wl py34i1dx gpro0wi8\" style=\"color: #000000;\" tabindex=\"0\" title=\"Kliknij, aby otworzy\u0107 w nowym oknie lub zak\u0142adce http:\/\/belekaj.eu\/?fbclid=IwAR2X81LPNr3CHLGlqWHpqKTBg8r8jOkhnlH71x5ynS1KMHPU5Q7ymJA3_ug\" role=\"link\" href=\"http:\/\/belekaj.eu\/?fbclid=IwAR2X81LPNr3CHLGlqWHpqKTBg8r8jOkhnlH71x5ynS1KMHPU5Q7ymJA3_ug\" rel=\"nofollow noopener\">belekaj.eu<\/a>\u00a0@demokratyczna.unia.regionalistow.slaskich @StowarzyszenieFest @NaszWspolnySlaskiDom @<a class=\"oajrlxb2 g5ia77u1 qu0x051f esr5mh6w e9989ue4 r7d6kgcz rq0escxv nhd2j8a9 nc684nl6 p7hjln8o kvgmc6g5 cxmmr5t8 oygrvhab hcukyx3x jb3vyjys rz4wbd8a qt6c0cv9 a8nywdso i1ao9s8h esuyzwwr f1sip0of lzcic4wl py34i1dx gpro0wi8\" style=\"color: #000000;\" tabindex=\"0\" title=\"Kliknij, aby otworzy\u0107 w nowym oknie lub zak\u0142adce http:\/\/silesiana.org\/?fbclid=IwAR1iMCUnjR3LXO9uwraK3dCzR80UJYJDk66tlG1G3HwVM9AM75QZNuiemOg\" role=\"link\" href=\"http:\/\/silesiana.org\/?fbclid=IwAR1iMCUnjR3LXO9uwraK3dCzR80UJYJDk66tlG1G3HwVM9AM75QZNuiemOg\" rel=\"nofollow noopener\">silesiana.org<\/a>\u00a0@PrzymierzSlaskie @ruch.autonomii.slaska @StowarzyszenieVerum @Slonzoki @otwartyslask @SlaskiePerly @SLONSKO.FERAJNA @Tuudi.net @uotwartyslunsk @wachtyrz @WorldSilesianCongress Zwi\u0105zek Aktywist\u00f3w \u015al\u0105skich<\/span><\/div>\n<div><\/div>\n<div><\/div>\n<div><\/div>\n<div><div class=\"rl-gallery-container rl-loading\" id=\"rl-gallery-container-1\" data-gallery_id=\"1219\"> <div class=\"rl-gallery rl-basicgrid-gallery \" id=\"rl-gallery-1\" data-gallery_no=\"1\"> <div class=\"rl-gallery-item\"><a href=\"https:\/\/www.dursmlodzi.org.pl\/wp-content\/uploads\/2021\/01\/1.jpg\" title=\"\" data-rl_title=\"\" class=\"rl-gallery-link\" data-rl_caption=\"\" data-rel=\"lightbox-gallery-1\"><img loading=\"lazy\" decoding=\"async\" src=\"https:\/\/www.dursmlodzi.org.pl\/wp-content\/uploads\/2021\/01\/1-150x150.jpg\" width=\"150\" height=\"150\" alt=\"\"\/><\/a><\/div><div class=\"rl-gallery-item\"><a href=\"https:\/\/www.dursmlodzi.org.pl\/wp-content\/uploads\/2021\/01\/2.jpg\" title=\"\" data-rl_title=\"\" class=\"rl-gallery-link\" data-rl_caption=\"\" data-rel=\"lightbox-gallery-1\"><img loading=\"lazy\" decoding=\"async\" src=\"https:\/\/www.dursmlodzi.org.pl\/wp-content\/uploads\/2021\/01\/2-150x150.jpg\" width=\"150\" height=\"150\" alt=\"\"\/><\/a><\/div><div class=\"rl-gallery-item\"><a href=\"https:\/\/www.dursmlodzi.org.pl\/wp-content\/uploads\/2021\/01\/3.jpg\" title=\"\" data-rl_title=\"\" class=\"rl-gallery-link\" data-rl_caption=\"\" data-rel=\"lightbox-gallery-1\"><img loading=\"lazy\" decoding=\"async\" src=\"https:\/\/www.dursmlodzi.org.pl\/wp-content\/uploads\/2021\/01\/3-150x150.jpg\" width=\"150\" height=\"150\" alt=\"\"\/><\/a><\/div><div class=\"rl-gallery-item\"><a href=\"https:\/\/www.dursmlodzi.org.pl\/wp-content\/uploads\/2021\/01\/4.jpg\" title=\"\" data-rl_title=\"\" class=\"rl-gallery-link\" data-rl_caption=\"\" data-rel=\"lightbox-gallery-1\"><img loading=\"lazy\" decoding=\"async\" src=\"https:\/\/www.dursmlodzi.org.pl\/wp-content\/uploads\/2021\/01\/4-150x150.jpg\" width=\"150\" height=\"150\" alt=\"\"\/><\/a><\/div> <\/div> <\/div><\/div>\n","protected":false},"excerpt":{"rendered":"<p>M\u014dmy to Dogodali my sie w sprawie Spisu Powszechnego 2021. 23 podmioty \u015bl\u0105skiej polityki (partie, stowarzyszenia, blogerzy, politycy i inksi). Wszyscy w jednej sprawie &#8211; zobowi\u0105zujemy si\u0119 do wsp\u00f3\u0142pracy na rzecz promocji deklarowania to\u017csamo\u015bci \u015bl\u0105skiej oraz j\u0119zyka \u015bl\u0105skiego w ramach Narodowego Spisu Powszechnego Ludno\u015bci i Mieszka\u0144 organizowanego w Polsce od 1 kwietnia do 30 czerwca&hellip; <br \/> <a class=\"read-more\" href=\"https:\/\/www.dursmlodzi.org.pl\/?p=1216\">Dowiedz si\u0119 wi\u0119cej<\/a><\/p>\n","protected":false},"author":1,"featured_media":1221,"comment_status":"closed","ping_status":"closed","sticky":false,"template":"","format":"standard","meta":{"footnotes":""},"categories":[5,12,8],"tags":[],"class_list":["post-1216","post","type-post","status-publish","format-standard","has-post-thumbnail","hentry","category-aktualnosci","category-naszym-zdaniem","category-oswiadczenia"],"_links":{"self":[{"href":"https:\/\/www.dursmlodzi.org.pl\/index.php?rest_route=\/wp\/v2\/posts\/1216","targetHints":{"allow":["GET"]}}],"collection":[{"href":"https:\/\/www.dursmlodzi.org.pl\/index.php?rest_route=\/wp\/v2\/posts"}],"about":[{"href":"https:\/\/www.dursmlodzi.org.pl\/index.php?rest_route=\/wp\/v2\/types\/post"}],"author":[{"embeddable":true,"href":"https:\/\/www.dursmlodzi.org.pl\/index.php?rest_route=\/wp\/v2\/users\/1"}],"replies":[{"embeddable":true,"href":"https:\/\/www.dursmlodzi.org.pl\/index.php?rest_route=%2Fwp%2Fv2%2Fcomments&post=1216"}],"version-history":[{"count":5,"href":"https:\/\/www.dursmlodzi.org.pl\/index.php?rest_route=\/wp\/v2\/posts\/1216\/revisions"}],"predecessor-version":[{"id":1228,"href":"https:\/\/www.dursmlodzi.org.pl\/index.php?rest_route=\/wp\/v2\/posts\/1216\/revisions\/1228"}],"wp:featuredmedia":[{"embeddable":true,"href":"https:\/\/www.dursmlodzi.org.pl\/index.php?rest_route=\/wp\/v2\/media\/1221"}],"wp:attachment":[{"href":"https:\/\/www.dursmlodzi.org.pl\/index.php?rest_route=%2Fwp%2Fv2%2Fmedia&parent=1216"}],"wp:term":[{"taxonomy":"category","embeddable":true,"href":"https:\/\/www.dursmlodzi.org.pl\/index.php?rest_route=%2Fwp%2Fv2%2Fcategories&post=1216"},{"taxonomy":"post_tag","embeddable":true,"href":"https:\/\/www.dursmlodzi.org.pl\/index.php?rest_route=%2Fwp%2Fv2%2Ftags&post=1216"}],"curies":[{"name":"wp","href":"https:\/\/api.w.org\/{rel}","templated":true}]}}