{"id":1235,"date":"2021-06-07T14:03:54","date_gmt":"2021-06-07T14:03:54","guid":{"rendered":"https:\/\/www.dursmlodzi.org.pl\/?p=1235"},"modified":"2021-06-07T14:13:01","modified_gmt":"2021-06-07T14:13:01","slug":"slonski-sztwortek-jozef-porwol-rozmawia-ze-stanislawem-neblikiem-zwanym-fojermanem","status":"publish","type":"post","link":"https:\/\/www.dursmlodzi.org.pl\/?p=1235","title":{"rendered":"\u015al\u014dnski Sztwortek &#8211; J\u00f3zef Porwo\u0142 rozmawia ze Stanis\u0142awem Neblikiem, zwanym &#8222;Fojermanem&#8221;"},"content":{"rendered":"<div><span style=\"color: #000000;\">Demokratyczna Unia Regionalist\u00f3w \u015al\u0105skich i kolejny pocividowy \u015al\u014dnski Sztwortek we Halo Rybnik.<\/span><\/div>\n<div><span style=\"color: #000000;\">Filmowa ods\u0142\u014dna popularnych spotka\u0144. W programie J\u00f3zef Porwo\u0142 rozmawia ze Stanis\u0142awem Neblikiem, zwanym &#8222;Fojermanem&#8221;.<\/span><\/div>\n<div><\/div>\n<p><center><br \/>\n<iframe loading=\"lazy\" title=\"YouTube video player\" src=\"https:\/\/www.youtube.com\/embed\/weqzj7k_UAM\" width=\"760\" height=\"515\" frameborder=\"0\" allowfullscreen=\"allowfullscreen\"><\/iframe><\/center><\/p>\n","protected":false},"excerpt":{"rendered":"<p>Demokratyczna Unia Regionalist\u00f3w \u015al\u0105skich i kolejny pocividowy \u015al\u014dnski Sztwortek we Halo Rybnik. Filmowa ods\u0142\u014dna popularnych spotka\u0144. W programie J\u00f3zef Porwo\u0142 rozmawia ze Stanis\u0142awem Neblikiem, zwanym &#8222;Fojermanem&#8221;.<\/p>\n","protected":false},"author":1,"featured_media":1244,"comment_status":"closed","ping_status":"closed","sticky":false,"template":"","format":"standard","meta":{"footnotes":""},"categories":[5,10],"tags":[],"class_list":["post-1235","post","type-post","status-publish","format-standard","has-post-thumbnail","hentry","category-aktualnosci","category-edukacja-regionalna"],"_links":{"self":[{"href":"https:\/\/www.dursmlodzi.org.pl\/index.php?rest_route=\/wp\/v2\/posts\/1235","targetHints":{"allow":["GET"]}}],"collection":[{"href":"https:\/\/www.dursmlodzi.org.pl\/index.php?rest_route=\/wp\/v2\/posts"}],"about":[{"href":"https:\/\/www.dursmlodzi.org.pl\/index.php?rest_route=\/wp\/v2\/types\/post"}],"author":[{"embeddable":true,"href":"https:\/\/www.dursmlodzi.org.pl\/index.php?rest_route=\/wp\/v2\/users\/1"}],"replies":[{"embeddable":true,"href":"https:\/\/www.dursmlodzi.org.pl\/index.php?rest_route=%2Fwp%2Fv2%2Fcomments&post=1235"}],"version-history":[{"count":7,"href":"https:\/\/www.dursmlodzi.org.pl\/index.php?rest_route=\/wp\/v2\/posts\/1235\/revisions"}],"predecessor-version":[{"id":1243,"href":"https:\/\/www.dursmlodzi.org.pl\/index.php?rest_route=\/wp\/v2\/posts\/1235\/revisions\/1243"}],"wp:featuredmedia":[{"embeddable":true,"href":"https:\/\/www.dursmlodzi.org.pl\/index.php?rest_route=\/wp\/v2\/media\/1244"}],"wp:attachment":[{"href":"https:\/\/www.dursmlodzi.org.pl\/index.php?rest_route=%2Fwp%2Fv2%2Fmedia&parent=1235"}],"wp:term":[{"taxonomy":"category","embeddable":true,"href":"https:\/\/www.dursmlodzi.org.pl\/index.php?rest_route=%2Fwp%2Fv2%2Fcategories&post=1235"},{"taxonomy":"post_tag","embeddable":true,"href":"https:\/\/www.dursmlodzi.org.pl\/index.php?rest_route=%2Fwp%2Fv2%2Ftags&post=1235"}],"curies":[{"name":"wp","href":"https:\/\/api.w.org\/{rel}","templated":true}]}}