{"id":1299,"date":"2021-11-01T22:39:41","date_gmt":"2021-11-01T22:39:41","guid":{"rendered":"https:\/\/www.dursmlodzi.org.pl\/?p=1299"},"modified":"2021-11-01T22:43:01","modified_gmt":"2021-11-01T22:43:01","slug":"xxiii-tref-ze-seryji-slonski-sztwortek","status":"publish","type":"post","link":"https:\/\/www.dursmlodzi.org.pl\/?p=1299","title":{"rendered":"XXIII tref ze seryji \u015al\u014dnski Sztwortek"},"content":{"rendered":"<div><\/div>\n<div><\/div>\n<div><span style=\"color: #000000;\">28.11. 2021 r b\u014d\u0142 XXIII ju\u017c tref ze seryji \u015al\u014dnski Sztwortki we Halo Rybnik.<\/span><\/div>\n<div><span style=\"color: #000000;\">Terozki pod mianym: \u201c\u00d4d \u015bl\u014dnskigo Kopciuszka do Pani na Kopicach\u201d- z pisark\u014dm Gabriel\u014dm Ka\u0144tor, kero po\u00f4sprawia\u0142a n\u014dm \u00f4 swojij tw\u014drczo\u015bci a przede wszyjskim \u00f4 \u015al\u014dnskim Kopciuszku a Karliku Goduli. Razym z ni\u014dm po\u00f4sprawiali Joanna Stebel-Krupi\u0144ska a Jerzy Buczy\u0144ski, autor poczytnych ty\u017c ksi\u014dn\u017cek \u00f4 K. Goduli. Ca\u0142o\u015b\u0107 pokludzi\u014d\u0142 prezes Demokratycznej Unii Regionalist\u014dw \u015al\u014dnskich J\u00f3zef Porwo\u0142.<\/span><\/div>\n<div><span style=\"color: #000000;\">Na trefie kej dycki sz\u0142o nie yno pos\u0142\u014dcha\u0107 i pogoda\u0107, ale ty\u017c napi\u0107 sie b\u014dnkawy i tyju.<\/span><\/div>\n<div><span style=\"color: #000000;\">Foto Rafa\u0142 Lodzi\u0144ski<\/span><\/div>\n<p>&nbsp;<\/p>\n<p>&nbsp;<\/p>\n<p>&nbsp;<\/p>\n<div class=\"rl-gallery-container rl-loading\" id=\"rl-gallery-container-1\" data-gallery_id=\"1292\"> <div class=\"rl-gallery rl-basicgrid-gallery \" id=\"rl-gallery-1\" data-gallery_no=\"1\"> <div class=\"rl-gallery-item\"><a href=\"https:\/\/www.dursmlodzi.org.pl\/wp-content\/uploads\/2021\/11\/szczwortek-2.jpg\" title=\"\" data-rl_title=\"\" class=\"rl-gallery-link\" data-rl_caption=\"\" data-rel=\"lightbox-gallery-1\"><img loading=\"lazy\" decoding=\"async\" src=\"https:\/\/www.dursmlodzi.org.pl\/wp-content\/uploads\/2021\/11\/szczwortek-2-150x150.jpg\" width=\"150\" height=\"150\" alt=\"\"\/><\/a><\/div><div class=\"rl-gallery-item\"><a href=\"https:\/\/www.dursmlodzi.org.pl\/wp-content\/uploads\/2021\/11\/szczwortek-3.jpg\" title=\"\" data-rl_title=\"\" class=\"rl-gallery-link\" data-rl_caption=\"\" data-rel=\"lightbox-gallery-1\"><img loading=\"lazy\" decoding=\"async\" src=\"https:\/\/www.dursmlodzi.org.pl\/wp-content\/uploads\/2021\/11\/szczwortek-3-150x150.jpg\" width=\"150\" height=\"150\" alt=\"\"\/><\/a><\/div><div class=\"rl-gallery-item\"><a href=\"https:\/\/www.dursmlodzi.org.pl\/wp-content\/uploads\/2021\/11\/szczwortek-6.jpg\" title=\"\" data-rl_title=\"\" class=\"rl-gallery-link\" data-rl_caption=\"\" data-rel=\"lightbox-gallery-1\"><img loading=\"lazy\" decoding=\"async\" src=\"https:\/\/www.dursmlodzi.org.pl\/wp-content\/uploads\/2021\/11\/szczwortek-6-150x150.jpg\" width=\"150\" height=\"150\" alt=\"\"\/><\/a><\/div><div class=\"rl-gallery-item\"><a href=\"https:\/\/www.dursmlodzi.org.pl\/wp-content\/uploads\/2021\/11\/szczwortek-5.jpg\" title=\"\" data-rl_title=\"\" class=\"rl-gallery-link\" data-rl_caption=\"\" data-rel=\"lightbox-gallery-1\"><img loading=\"lazy\" decoding=\"async\" src=\"https:\/\/www.dursmlodzi.org.pl\/wp-content\/uploads\/2021\/11\/szczwortek-5-150x150.jpg\" width=\"150\" height=\"150\" alt=\"\"\/><\/a><\/div><div class=\"rl-gallery-item\"><a href=\"https:\/\/www.dursmlodzi.org.pl\/wp-content\/uploads\/2021\/11\/szczwortek-1.jpg\" title=\"\" data-rl_title=\"\" class=\"rl-gallery-link\" data-rl_caption=\"\" data-rel=\"lightbox-gallery-1\"><img loading=\"lazy\" decoding=\"async\" src=\"https:\/\/www.dursmlodzi.org.pl\/wp-content\/uploads\/2021\/11\/szczwortek-1-150x150.jpg\" width=\"150\" height=\"150\" alt=\"\"\/><\/a><\/div><div class=\"rl-gallery-item\"><a href=\"https:\/\/www.dursmlodzi.org.pl\/wp-content\/uploads\/2021\/11\/szczwortek-4-1.jpg\" title=\"\" data-rl_title=\"\" class=\"rl-gallery-link\" data-rl_caption=\"\" data-rel=\"lightbox-gallery-1\"><img loading=\"lazy\" decoding=\"async\" src=\"https:\/\/www.dursmlodzi.org.pl\/wp-content\/uploads\/2021\/11\/szczwortek-4-1-150x150.jpg\" width=\"150\" height=\"150\" alt=\"\"\/><\/a><\/div> <\/div> <\/div>\n","protected":false},"excerpt":{"rendered":"<p>28.11. 2021 r b\u014d\u0142 XXIII ju\u017c tref ze seryji \u015al\u014dnski Sztwortki we Halo Rybnik. Terozki pod mianym: \u201c\u00d4d \u015bl\u014dnskigo Kopciuszka do Pani na Kopicach\u201d- z pisark\u014dm Gabriel\u014dm Ka\u0144tor, kero po\u00f4sprawia\u0142a n\u014dm \u00f4 swojij tw\u014drczo\u015bci a przede wszyjskim \u00f4 \u015al\u014dnskim Kopciuszku a Karliku Goduli. Razym z ni\u014dm po\u00f4sprawiali Joanna Stebel-Krupi\u0144ska a Jerzy Buczy\u0144ski, autor poczytnych ty\u017c&hellip; <br \/> <a class=\"read-more\" href=\"https:\/\/www.dursmlodzi.org.pl\/?p=1299\">Dowiedz si\u0119 wi\u0119cej<\/a><\/p>\n","protected":false},"author":1,"featured_media":1294,"comment_status":"closed","ping_status":"closed","sticky":false,"template":"","format":"standard","meta":{"footnotes":""},"categories":[5,14],"tags":[],"class_list":["post-1299","post","type-post","status-publish","format-standard","has-post-thumbnail","hentry","category-aktualnosci","category-tref"],"_links":{"self":[{"href":"https:\/\/www.dursmlodzi.org.pl\/index.php?rest_route=\/wp\/v2\/posts\/1299","targetHints":{"allow":["GET"]}}],"collection":[{"href":"https:\/\/www.dursmlodzi.org.pl\/index.php?rest_route=\/wp\/v2\/posts"}],"about":[{"href":"https:\/\/www.dursmlodzi.org.pl\/index.php?rest_route=\/wp\/v2\/types\/post"}],"author":[{"embeddable":true,"href":"https:\/\/www.dursmlodzi.org.pl\/index.php?rest_route=\/wp\/v2\/users\/1"}],"replies":[{"embeddable":true,"href":"https:\/\/www.dursmlodzi.org.pl\/index.php?rest_route=%2Fwp%2Fv2%2Fcomments&post=1299"}],"version-history":[{"count":2,"href":"https:\/\/www.dursmlodzi.org.pl\/index.php?rest_route=\/wp\/v2\/posts\/1299\/revisions"}],"predecessor-version":[{"id":1302,"href":"https:\/\/www.dursmlodzi.org.pl\/index.php?rest_route=\/wp\/v2\/posts\/1299\/revisions\/1302"}],"wp:featuredmedia":[{"embeddable":true,"href":"https:\/\/www.dursmlodzi.org.pl\/index.php?rest_route=\/wp\/v2\/media\/1294"}],"wp:attachment":[{"href":"https:\/\/www.dursmlodzi.org.pl\/index.php?rest_route=%2Fwp%2Fv2%2Fmedia&parent=1299"}],"wp:term":[{"taxonomy":"category","embeddable":true,"href":"https:\/\/www.dursmlodzi.org.pl\/index.php?rest_route=%2Fwp%2Fv2%2Fcategories&post=1299"},{"taxonomy":"post_tag","embeddable":true,"href":"https:\/\/www.dursmlodzi.org.pl\/index.php?rest_route=%2Fwp%2Fv2%2Ftags&post=1299"}],"curies":[{"name":"wp","href":"https:\/\/api.w.org\/{rel}","templated":true}]}}