{"id":1304,"date":"2021-11-29T00:25:20","date_gmt":"2021-11-29T00:25:20","guid":{"rendered":"https:\/\/www.dursmlodzi.org.pl\/?p=1304"},"modified":"2021-11-29T00:29:03","modified_gmt":"2021-11-29T00:29:03","slug":"xxiv-tref-ze-seryji-slonski-sztwortek","status":"publish","type":"post","link":"https:\/\/www.dursmlodzi.org.pl\/?p=1304","title":{"rendered":"XXIV tref ze seryji \u015al\u014dnski Sztwortek"},"content":{"rendered":"<div><span style=\"color: #000000;\">25.11. 2021 r b\u014d\u0142 XXIV ju\u017c tref ze seryji \u015al\u014dnski Sztwortki we Halo Rybnik.<\/span><\/div>\n<div><span style=\"color: #000000;\">Terozki pod mianym: \u201cRajza po Kark\u014dnoszach\u201d- po\u0142osprawio\u0142 n\u014dm \u00f4 tym Jerzy Czoga\u0142a honorowy ambasador Kark\u014dnoszy.<\/span><\/div>\n<div><span style=\"color: #000000;\">Ca\u0142o\u015b\u0107 pokludzi\u014d\u0142 znany historyk, cz\u0142\u014dnek\u00a0 Demokratycznej Unii Regionalist\u014dw \u015al\u014dnskich Jan Lubos<\/span><\/div>\n<div><span style=\"color: #000000;\">Na trefie kej dycki sz\u0142o nie yno pos\u0142\u014dcha\u0107 i pogoda\u0107, ale ty\u017c napi\u0107 sie b\u014dnkawy i tyju.<\/span><\/div>\n<div><\/div>\n<div><\/div>\n<div><span style=\"color: #000000;\">Foto Rafa\u0142 Lodzi\u0144ski<\/span><\/div>\n<div><\/div>\n<div><div class=\"rl-gallery-container rl-loading\" id=\"rl-gallery-container-1\" data-gallery_id=\"1305\"> <div class=\"rl-gallery rl-basicgrid-gallery \" id=\"rl-gallery-1\" data-gallery_no=\"1\"> <div class=\"rl-gallery-item\"><a href=\"https:\/\/www.dursmlodzi.org.pl\/wp-content\/uploads\/2021\/11\/XXIV-tref_1.jpg\" title=\"\" data-rl_title=\"\" class=\"rl-gallery-link\" data-rl_caption=\"\" data-rel=\"lightbox-gallery-1\"><img loading=\"lazy\" decoding=\"async\" src=\"https:\/\/www.dursmlodzi.org.pl\/wp-content\/uploads\/2021\/11\/XXIV-tref_1-150x150.jpg\" width=\"150\" height=\"150\" alt=\"\"\/><\/a><\/div><div class=\"rl-gallery-item\"><a href=\"https:\/\/www.dursmlodzi.org.pl\/wp-content\/uploads\/2021\/11\/XXIV-tref_2.jpg\" title=\"\" data-rl_title=\"\" class=\"rl-gallery-link\" data-rl_caption=\"\" data-rel=\"lightbox-gallery-1\"><img loading=\"lazy\" decoding=\"async\" src=\"https:\/\/www.dursmlodzi.org.pl\/wp-content\/uploads\/2021\/11\/XXIV-tref_2-150x150.jpg\" width=\"150\" height=\"150\" alt=\"\"\/><\/a><\/div><div class=\"rl-gallery-item\"><a href=\"https:\/\/www.dursmlodzi.org.pl\/wp-content\/uploads\/2021\/11\/XXIV-tref_3.jpg\" title=\"\" data-rl_title=\"\" class=\"rl-gallery-link\" data-rl_caption=\"\" data-rel=\"lightbox-gallery-1\"><img loading=\"lazy\" decoding=\"async\" src=\"https:\/\/www.dursmlodzi.org.pl\/wp-content\/uploads\/2021\/11\/XXIV-tref_3-150x150.jpg\" width=\"150\" height=\"150\" alt=\"\"\/><\/a><\/div><div class=\"rl-gallery-item\"><a href=\"https:\/\/www.dursmlodzi.org.pl\/wp-content\/uploads\/2021\/11\/XXIV-tref_5.jpg\" title=\"\" data-rl_title=\"\" class=\"rl-gallery-link\" data-rl_caption=\"\" data-rel=\"lightbox-gallery-1\"><img loading=\"lazy\" decoding=\"async\" src=\"https:\/\/www.dursmlodzi.org.pl\/wp-content\/uploads\/2021\/11\/XXIV-tref_5-150x150.jpg\" width=\"150\" height=\"150\" alt=\"\"\/><\/a><\/div><div class=\"rl-gallery-item\"><a href=\"https:\/\/www.dursmlodzi.org.pl\/wp-content\/uploads\/2021\/11\/XXIV-tref_4-1.jpg\" title=\"\" data-rl_title=\"\" class=\"rl-gallery-link\" data-rl_caption=\"\" data-rel=\"lightbox-gallery-1\"><img loading=\"lazy\" decoding=\"async\" src=\"https:\/\/www.dursmlodzi.org.pl\/wp-content\/uploads\/2021\/11\/XXIV-tref_4-1-150x150.jpg\" width=\"150\" height=\"150\" alt=\"\"\/><\/a><\/div> <\/div> <\/div><\/div>\n","protected":false},"excerpt":{"rendered":"<p>25.11. 2021 r b\u014d\u0142 XXIV ju\u017c tref ze seryji \u015al\u014dnski Sztwortki we Halo Rybnik. Terozki pod mianym: \u201cRajza po Kark\u014dnoszach\u201d- po\u0142osprawio\u0142 n\u014dm \u00f4 tym Jerzy Czoga\u0142a honorowy ambasador Kark\u014dnoszy. Ca\u0142o\u015b\u0107 pokludzi\u014d\u0142 znany historyk, cz\u0142\u014dnek\u00a0 Demokratycznej Unii Regionalist\u014dw \u015al\u014dnskich Jan Lubos Na trefie kej dycki sz\u0142o nie yno pos\u0142\u014dcha\u0107 i pogoda\u0107, ale ty\u017c napi\u0107 sie b\u014dnkawy&hellip; <br \/> <a class=\"read-more\" href=\"https:\/\/www.dursmlodzi.org.pl\/?p=1304\">Dowiedz si\u0119 wi\u0119cej<\/a><\/p>\n","protected":false},"author":1,"featured_media":1309,"comment_status":"closed","ping_status":"closed","sticky":false,"template":"","format":"standard","meta":{"footnotes":""},"categories":[5,14],"tags":[],"class_list":["post-1304","post","type-post","status-publish","format-standard","has-post-thumbnail","hentry","category-aktualnosci","category-tref"],"_links":{"self":[{"href":"https:\/\/www.dursmlodzi.org.pl\/index.php?rest_route=\/wp\/v2\/posts\/1304","targetHints":{"allow":["GET"]}}],"collection":[{"href":"https:\/\/www.dursmlodzi.org.pl\/index.php?rest_route=\/wp\/v2\/posts"}],"about":[{"href":"https:\/\/www.dursmlodzi.org.pl\/index.php?rest_route=\/wp\/v2\/types\/post"}],"author":[{"embeddable":true,"href":"https:\/\/www.dursmlodzi.org.pl\/index.php?rest_route=\/wp\/v2\/users\/1"}],"replies":[{"embeddable":true,"href":"https:\/\/www.dursmlodzi.org.pl\/index.php?rest_route=%2Fwp%2Fv2%2Fcomments&post=1304"}],"version-history":[{"count":1,"href":"https:\/\/www.dursmlodzi.org.pl\/index.php?rest_route=\/wp\/v2\/posts\/1304\/revisions"}],"predecessor-version":[{"id":1311,"href":"https:\/\/www.dursmlodzi.org.pl\/index.php?rest_route=\/wp\/v2\/posts\/1304\/revisions\/1311"}],"wp:featuredmedia":[{"embeddable":true,"href":"https:\/\/www.dursmlodzi.org.pl\/index.php?rest_route=\/wp\/v2\/media\/1309"}],"wp:attachment":[{"href":"https:\/\/www.dursmlodzi.org.pl\/index.php?rest_route=%2Fwp%2Fv2%2Fmedia&parent=1304"}],"wp:term":[{"taxonomy":"category","embeddable":true,"href":"https:\/\/www.dursmlodzi.org.pl\/index.php?rest_route=%2Fwp%2Fv2%2Fcategories&post=1304"},{"taxonomy":"post_tag","embeddable":true,"href":"https:\/\/www.dursmlodzi.org.pl\/index.php?rest_route=%2Fwp%2Fv2%2Ftags&post=1304"}],"curies":[{"name":"wp","href":"https:\/\/api.w.org\/{rel}","templated":true}]}}