{"id":1320,"date":"2021-12-17T03:30:16","date_gmt":"2021-12-17T03:30:16","guid":{"rendered":"https:\/\/www.dursmlodzi.org.pl\/?p=1320"},"modified":"2021-12-17T03:32:32","modified_gmt":"2021-12-17T03:32:32","slug":"xxv-tref-ze-seryji-slonski-sztwortek","status":"publish","type":"post","link":"https:\/\/www.dursmlodzi.org.pl\/?p=1320","title":{"rendered":"XXV tref ze seryji \u015al\u014dnski Sztwortek"},"content":{"rendered":"<div class=\"kvgmc6g5 cxmmr5t8 oygrvhab hcukyx3x c1et5uql ii04i59q\">\n<div dir=\"auto\"><span style=\"color: #000000;\">P.M &#8222;Czy \u015al\u014dnsk by\u0142 niyzale\u017cny bez pora stuleci?&#8221;<\/span><\/div>\n<\/div>\n<div class=\"cxmmr5t8 oygrvhab hcukyx3x c1et5uql o9v6fnle ii04i59q\">\n<div dir=\"auto\"><span style=\"color: #000000;\">Po\u0142osprowio\u0142 n\u014dm \u00f4 tym Jan Lubos &#8211; pasj\u014dnat historyjji, autor ksi\u014dn\u017cki &#8221; Opowie\u015bci \u015bl\u0105skie&#8221; &#8211; cz\u0142\u014dnek DUR\u015a.<\/span><\/div>\n<div dir=\"auto\"><span style=\"color: #000000;\">Dziynki niymu dowiedzieli my si\u0119 wiela \u00f4 historyji i niyzale\u017cno\u015bci \u015al\u014dnska a \u015al\u014dnzok\u014dw \u00f4d wczesnych storoczy \u015bredniowiycza po k\u00f4niec XVIII storocza <\/span><\/div>\n<div dir=\"auto\"><span style=\"color: #000000;\">Ca\u0142o\u015b\u0107 pokludzi\u014d\u0142 prezes Demokratycznej Unii Regionalist\u014dw \u015al\u014dnskich J\u014dzef Porwo\u0142. Na trefie kej dycki sz\u0142onie yno pos\u0142\u014dcha\u0107, pogoda\u0107 ale ty\u017c na[i sie tyju a b\u014dnkawy.<\/span><\/div>\n<\/div>\n<div dir=\"auto\"><\/div>\n<div dir=\"auto\"><\/div>\n<div dir=\"auto\"><\/div>\n<div dir=\"auto\"><\/div>\n<div class=\"cxmmr5t8 oygrvhab hcukyx3x c1et5uql o9v6fnle ii04i59q\">\n<div dir=\"auto\"><\/div>\n<div dir=\"auto\"><span style=\"color: #000000;\">Foto Lidia Bia\u0142ecka a J\u014dzef Porwo\u0142<\/span><\/div>\n<\/div>\n<p><span style=\"color: #3c434a; font-family: Consolas, Monaco, monospace; font-size: 13px; background-color: rgba(0, 0, 0, 0.07);\"><div class=\"rl-gallery-container rl-loading\" id=\"rl-gallery-container-1\" data-gallery_id=\"1314\"> <div class=\"rl-gallery rl-basicgrid-gallery \" id=\"rl-gallery-1\" data-gallery_no=\"1\"> <div class=\"rl-gallery-item\"><a href=\"https:\/\/www.dursmlodzi.org.pl\/wp-content\/uploads\/2021\/12\/XXV-tref-1.jpg\" title=\"\" data-rl_title=\"\" class=\"rl-gallery-link\" data-rl_caption=\"\" data-rel=\"lightbox-gallery-1\"><img loading=\"lazy\" decoding=\"async\" src=\"https:\/\/www.dursmlodzi.org.pl\/wp-content\/uploads\/2021\/12\/XXV-tref-1-150x150.jpg\" width=\"150\" height=\"150\" alt=\"\"\/><\/a><\/div><div class=\"rl-gallery-item\"><a href=\"https:\/\/www.dursmlodzi.org.pl\/wp-content\/uploads\/2021\/12\/XXV-tref-2.jpg\" title=\"\" data-rl_title=\"\" class=\"rl-gallery-link\" data-rl_caption=\"\" data-rel=\"lightbox-gallery-1\"><img loading=\"lazy\" decoding=\"async\" src=\"https:\/\/www.dursmlodzi.org.pl\/wp-content\/uploads\/2021\/12\/XXV-tref-2-150x150.jpg\" width=\"150\" height=\"150\" alt=\"\"\/><\/a><\/div><div class=\"rl-gallery-item\"><a href=\"https:\/\/www.dursmlodzi.org.pl\/wp-content\/uploads\/2021\/12\/XXV-tref-3.jpg\" title=\"\" data-rl_title=\"\" class=\"rl-gallery-link\" data-rl_caption=\"\" data-rel=\"lightbox-gallery-1\"><img loading=\"lazy\" decoding=\"async\" src=\"https:\/\/www.dursmlodzi.org.pl\/wp-content\/uploads\/2021\/12\/XXV-tref-3-150x150.jpg\" width=\"150\" height=\"150\" alt=\"\"\/><\/a><\/div><div class=\"rl-gallery-item\"><a href=\"https:\/\/www.dursmlodzi.org.pl\/wp-content\/uploads\/2021\/12\/XXV-tref-4.jpg\" title=\"\" data-rl_title=\"\" class=\"rl-gallery-link\" data-rl_caption=\"\" data-rel=\"lightbox-gallery-1\"><img loading=\"lazy\" decoding=\"async\" src=\"https:\/\/www.dursmlodzi.org.pl\/wp-content\/uploads\/2021\/12\/XXV-tref-4-150x150.jpg\" width=\"150\" height=\"150\" alt=\"\"\/><\/a><\/div> <\/div> <\/div><\/span><\/p>\n","protected":false},"excerpt":{"rendered":"<p>P.M &#8222;Czy \u015al\u014dnsk by\u0142 niyzale\u017cny bez pora stuleci?&#8221; Po\u0142osprowio\u0142 n\u014dm \u00f4 tym Jan Lubos &#8211; pasj\u014dnat historyjji, autor ksi\u014dn\u017cki &#8221; Opowie\u015bci \u015bl\u0105skie&#8221; &#8211; cz\u0142\u014dnek DUR\u015a. Dziynki niymu dowiedzieli my si\u0119 wiela \u00f4 historyji i niyzale\u017cno\u015bci \u015al\u014dnska a \u015al\u014dnzok\u014dw \u00f4d wczesnych storoczy \u015bredniowiycza po k\u00f4niec XVIII storocza Ca\u0142o\u015b\u0107 pokludzi\u014d\u0142 prezes Demokratycznej Unii Regionalist\u014dw \u015al\u014dnskich J\u014dzef Porwo\u0142.&hellip; <br \/> <a class=\"read-more\" href=\"https:\/\/www.dursmlodzi.org.pl\/?p=1320\">Dowiedz si\u0119 wi\u0119cej<\/a><\/p>\n","protected":false},"author":1,"featured_media":1323,"comment_status":"closed","ping_status":"closed","sticky":false,"template":"","format":"standard","meta":{"footnotes":""},"categories":[5,14],"tags":[],"class_list":["post-1320","post","type-post","status-publish","format-standard","has-post-thumbnail","hentry","category-aktualnosci","category-tref"],"_links":{"self":[{"href":"https:\/\/www.dursmlodzi.org.pl\/index.php?rest_route=\/wp\/v2\/posts\/1320","targetHints":{"allow":["GET"]}}],"collection":[{"href":"https:\/\/www.dursmlodzi.org.pl\/index.php?rest_route=\/wp\/v2\/posts"}],"about":[{"href":"https:\/\/www.dursmlodzi.org.pl\/index.php?rest_route=\/wp\/v2\/types\/post"}],"author":[{"embeddable":true,"href":"https:\/\/www.dursmlodzi.org.pl\/index.php?rest_route=\/wp\/v2\/users\/1"}],"replies":[{"embeddable":true,"href":"https:\/\/www.dursmlodzi.org.pl\/index.php?rest_route=%2Fwp%2Fv2%2Fcomments&post=1320"}],"version-history":[{"count":1,"href":"https:\/\/www.dursmlodzi.org.pl\/index.php?rest_route=\/wp\/v2\/posts\/1320\/revisions"}],"predecessor-version":[{"id":1322,"href":"https:\/\/www.dursmlodzi.org.pl\/index.php?rest_route=\/wp\/v2\/posts\/1320\/revisions\/1322"}],"wp:featuredmedia":[{"embeddable":true,"href":"https:\/\/www.dursmlodzi.org.pl\/index.php?rest_route=\/wp\/v2\/media\/1323"}],"wp:attachment":[{"href":"https:\/\/www.dursmlodzi.org.pl\/index.php?rest_route=%2Fwp%2Fv2%2Fmedia&parent=1320"}],"wp:term":[{"taxonomy":"category","embeddable":true,"href":"https:\/\/www.dursmlodzi.org.pl\/index.php?rest_route=%2Fwp%2Fv2%2Fcategories&post=1320"},{"taxonomy":"post_tag","embeddable":true,"href":"https:\/\/www.dursmlodzi.org.pl\/index.php?rest_route=%2Fwp%2Fv2%2Ftags&post=1320"}],"curies":[{"name":"wp","href":"https:\/\/api.w.org\/{rel}","templated":true}]}}