{"id":1327,"date":"2022-01-05T01:11:26","date_gmt":"2022-01-05T01:11:26","guid":{"rendered":"https:\/\/www.dursmlodzi.org.pl\/?p=1327"},"modified":"2022-01-05T01:11:26","modified_gmt":"2022-01-05T01:11:26","slug":"zaproszomy-na-xxvi-tref-w-ramach-slonskich-sztwortkow","status":"publish","type":"post","link":"https:\/\/www.dursmlodzi.org.pl\/?p=1327","title":{"rendered":"Zaprosz\u014dmy na XXVI tref w ramach \u015al\u014dnskich Sztwortk\u00f4w"},"content":{"rendered":"<p><span style=\"color: #000000;\">Demokratyczna Unia Regionalist\u00f3w \u015al\u0105skich w ramach \u015al\u014dnskich Sztwortk\u00f4w we Halo Rybnik, \u00f4rganizuje ju\u017c 26 tref. Na trefie kej dycki p\u014ddzie nie\u00a0yno pos\u0142\u014dcha\u0107 a pogoda\u0107 ale ty\u017c napi\u0107 sie tyju a b\u014dnkawy.<\/span><br \/>\n<span style=\"color: #000000;\">Terozki pod mianym: \u201cTragedyjo G\u00f3rno\u015bl\u014dnsko we rokach 1945-1956&#8243; . Godka bydzie \u00f4 tym, co b\u014d\u0142o we tych rokach g\u0142\u014dwnie na ziymi rybnickij. \u00d4 prze\u015bladowaniach \u015al\u014dnzok\u014dw bez k\u014dministyczny rz\u014dnd polski.<\/span><br \/>\n<span style=\"color: #000000;\">Po\u00f4sprawiaj\u014dm \u00f4 tym\u00a0 historyk dr Bogdan Kloch, rybnicki dzia\u0142acz Jan Rduch i pasj\u014dnat historyji cz\u0142\u014dnek DUR\u015a Jan Lubos.<\/span><br \/>\n<span style=\"color: #000000;\">Ca\u0142o\u015b\u0107 pokludzi J\u00f3zef Porwo\u0142.<\/span><\/p>\n<p>&nbsp;<\/p>\n<p><span style=\"color: #000000;\">Demokratyczna Unia Regionalist\u00f3w \u015al\u0105skich w ramach \u015al\u014dnskich Sztwortk\u00f4w w Halo Rybnik, organizuje ju\u017c 26 spotkanie na kt\u00f3rym, jak zawsze b\u0119dzie mo\u017cliwo\u015b\u0107 pos\u0142ucha\u0107 jak i porozmawia\u0107, ale te\u017c napi\u0107 si\u0119 herbaty czy kawy.<\/span><br \/>\n<span style=\"color: #000000;\">Tym razem pod nazw\u0105: \u201cTragedia G\u00f3rno\u015bl\u0105ska w latach 1945-1956&#8243;. O prze\u015bladowanych \u015al\u0105zak\u00f3w przez komunistyczne w\u0142adze polskie. Dyskusja b\u0119dzie dotyczy\u0142a g\u0142\u00f3wnie ziemi rybnickiej.<\/span><br \/>\n<span style=\"color: #000000;\">Podyskutuj\u0105 na ten temat historyk dr Bogdan Kloch, rybnicki dzia\u0142acz Jan Rduch i pasjonat historii \u00a0cz\u0142onek DUR\u015a Jan Lubos.<\/span><br \/>\n<span style=\"color: #000000;\">Ca\u0142o\u015b\u0107 poprowadzi J\u00f3zef Porwo\u0142.<\/span><\/p>\n","protected":false},"excerpt":{"rendered":"<p>Demokratyczna Unia Regionalist\u00f3w \u015al\u0105skich w ramach \u015al\u014dnskich Sztwortk\u00f4w we Halo Rybnik, \u00f4rganizuje ju\u017c 26 tref. Na trefie kej dycki p\u014ddzie nie\u00a0yno pos\u0142\u014dcha\u0107 a pogoda\u0107 ale ty\u017c napi\u0107 sie tyju a b\u014dnkawy. Terozki pod mianym: \u201cTragedyjo G\u00f3rno\u015bl\u014dnsko we rokach 1945-1956&#8243; . Godka bydzie \u00f4 tym, co b\u014d\u0142o we tych rokach g\u0142\u014dwnie na ziymi rybnickij. \u00d4 prze\u015bladowaniach&hellip; <br \/> <a class=\"read-more\" href=\"https:\/\/www.dursmlodzi.org.pl\/?p=1327\">Dowiedz si\u0119 wi\u0119cej<\/a><\/p>\n","protected":false},"author":1,"featured_media":1329,"comment_status":"closed","ping_status":"closed","sticky":false,"template":"","format":"standard","meta":{"footnotes":""},"categories":[5,14],"tags":[],"class_list":["post-1327","post","type-post","status-publish","format-standard","has-post-thumbnail","hentry","category-aktualnosci","category-tref"],"_links":{"self":[{"href":"https:\/\/www.dursmlodzi.org.pl\/index.php?rest_route=\/wp\/v2\/posts\/1327","targetHints":{"allow":["GET"]}}],"collection":[{"href":"https:\/\/www.dursmlodzi.org.pl\/index.php?rest_route=\/wp\/v2\/posts"}],"about":[{"href":"https:\/\/www.dursmlodzi.org.pl\/index.php?rest_route=\/wp\/v2\/types\/post"}],"author":[{"embeddable":true,"href":"https:\/\/www.dursmlodzi.org.pl\/index.php?rest_route=\/wp\/v2\/users\/1"}],"replies":[{"embeddable":true,"href":"https:\/\/www.dursmlodzi.org.pl\/index.php?rest_route=%2Fwp%2Fv2%2Fcomments&post=1327"}],"version-history":[{"count":1,"href":"https:\/\/www.dursmlodzi.org.pl\/index.php?rest_route=\/wp\/v2\/posts\/1327\/revisions"}],"predecessor-version":[{"id":1330,"href":"https:\/\/www.dursmlodzi.org.pl\/index.php?rest_route=\/wp\/v2\/posts\/1327\/revisions\/1330"}],"wp:featuredmedia":[{"embeddable":true,"href":"https:\/\/www.dursmlodzi.org.pl\/index.php?rest_route=\/wp\/v2\/media\/1329"}],"wp:attachment":[{"href":"https:\/\/www.dursmlodzi.org.pl\/index.php?rest_route=%2Fwp%2Fv2%2Fmedia&parent=1327"}],"wp:term":[{"taxonomy":"category","embeddable":true,"href":"https:\/\/www.dursmlodzi.org.pl\/index.php?rest_route=%2Fwp%2Fv2%2Fcategories&post=1327"},{"taxonomy":"post_tag","embeddable":true,"href":"https:\/\/www.dursmlodzi.org.pl\/index.php?rest_route=%2Fwp%2Fv2%2Ftags&post=1327"}],"curies":[{"name":"wp","href":"https:\/\/api.w.org\/{rel}","templated":true}]}}