{"id":1342,"date":"2022-01-27T21:55:40","date_gmt":"2022-01-27T21:55:40","guid":{"rendered":"https:\/\/www.dursmlodzi.org.pl\/?p=1342"},"modified":"2022-01-27T21:58:00","modified_gmt":"2022-01-27T21:58:00","slug":"xxvi-tref-ze-seryji-slonski-sztwortek","status":"publish","type":"post","link":"https:\/\/www.dursmlodzi.org.pl\/?p=1342","title":{"rendered":"XXVI tref ze seryji \u015al\u014dnski Sztwortek"},"content":{"rendered":"<div><span style=\"color: #000000;\">Demokratyczna Unia Regionalist\u00f3w \u015al\u0105skich w ramach \u015al\u014dnskich Sztwortk\u00f4w we Halo Rybnik, zor\u00f4rganizowa\u0142a ju\u017c 26 tref. Na trefie kej dycki sz\u0142o nie yno pos\u0142\u014dcha\u0107 a pogoda\u0107 ale ty\u017c napi\u0107 sie tyju a b\u014dnkawy.<\/span><br \/>\n<span style=\"color: #000000;\">Terozki pod mianym: \u201cTragedyjo G\u00f3rno\u015bl\u014dnsko we rokach 1945-1956\u2033. Godka by\u0142a \u00f4 tym, co b\u014d\u0142o we tych rokach g\u0142\u014dwnie na ziymi rybnickij. \u00d4 prze\u015bladowaniach \u015al\u014dnzok\u014dw bez rz\u014dnd polski.<\/span><br \/>\n<span style=\"color: #000000;\">\u00d4sprawiali\u00a0 \u00f4 tym\u00a0 historyk dr Bogdan Kloch, rybnicki dzia\u0142acz Jan Rduch i pasj\u014dnat historyji cz\u0142\u014dnek DUR\u015a Jan Lubos.<\/span><br \/>\n<span style=\"color: #000000;\">Ca\u0142o\u015b\u0107 kludzi\u014d\u0142 J\u00f3zef Porwo\u0142.<\/span><\/div>\n<div><span style=\"color: #000000;\">Jak b\u014d\u0142o do przypuszczynio relacyje ko\u017cdego z uczestnik\u014dw sie fest r\u014d\u017cniy\u0142y.<\/span><\/div>\n<div><span style=\"color: #000000;\">Na k\u014dniec rozgorza\u0142a bez licznich przyby\u0142ych go\u015bci\u014dw dyskusyjo.<\/span><\/div>\n<div><\/div>\n<div><\/div>\n<div><span style=\"color: #000000;\">Foto Rafa\u0142 Lodzi\u0144ski i Damian Bizo\u0144<\/span><\/div>\n<div><\/div>\n<p style=\"text-align: left;\"><span style=\"color: #000000;\"><div class=\"rl-gallery-container rl-loading\" id=\"rl-gallery-container-1\" data-gallery_id=\"1332\"> <div class=\"rl-gallery rl-basicgrid-gallery \" id=\"rl-gallery-1\" data-gallery_no=\"1\"> <div class=\"rl-gallery-item\"><a href=\"https:\/\/www.dursmlodzi.org.pl\/wp-content\/uploads\/2022\/01\/goscie-bok-Sredni.jpg\" title=\"\" data-rl_title=\"\" class=\"rl-gallery-link\" data-rl_caption=\"\" data-rel=\"lightbox-gallery-1\"><img loading=\"lazy\" decoding=\"async\" src=\"https:\/\/www.dursmlodzi.org.pl\/wp-content\/uploads\/2022\/01\/goscie-bok-Sredni-150x150.jpg\" width=\"150\" height=\"150\" alt=\"\"\/><\/a><\/div><div class=\"rl-gallery-item\"><a href=\"https:\/\/www.dursmlodzi.org.pl\/wp-content\/uploads\/2022\/01\/halo-Sredni.jpg\" title=\"\" data-rl_title=\"\" class=\"rl-gallery-link\" data-rl_caption=\"\" data-rel=\"lightbox-gallery-1\"><img loading=\"lazy\" decoding=\"async\" src=\"https:\/\/www.dursmlodzi.org.pl\/wp-content\/uploads\/2022\/01\/halo-Sredni-150x150.jpg\" width=\"150\" height=\"150\" alt=\"\"\/><\/a><\/div><div class=\"rl-gallery-item\"><a href=\"https:\/\/www.dursmlodzi.org.pl\/wp-content\/uploads\/2022\/01\/jo-Sredni.jpg\" title=\"\" data-rl_title=\"\" class=\"rl-gallery-link\" data-rl_caption=\"\" data-rel=\"lightbox-gallery-1\"><img loading=\"lazy\" decoding=\"async\" src=\"https:\/\/www.dursmlodzi.org.pl\/wp-content\/uploads\/2022\/01\/jo-Sredni-150x150.jpg\" width=\"150\" height=\"150\" alt=\"\"\/><\/a><\/div><div class=\"rl-gallery-item\"><a href=\"https:\/\/www.dursmlodzi.org.pl\/wp-content\/uploads\/2022\/01\/reszta-Sredni.jpg\" title=\"\" data-rl_title=\"\" class=\"rl-gallery-link\" data-rl_caption=\"\" data-rel=\"lightbox-gallery-1\"><img loading=\"lazy\" decoding=\"async\" src=\"https:\/\/www.dursmlodzi.org.pl\/wp-content\/uploads\/2022\/01\/reszta-Sredni-150x150.jpg\" width=\"150\" height=\"150\" alt=\"\"\/><\/a><\/div><div class=\"rl-gallery-item\"><a href=\"https:\/\/www.dursmlodzi.org.pl\/wp-content\/uploads\/2022\/01\/tabl-Sredni.jpg\" title=\"\" data-rl_title=\"\" class=\"rl-gallery-link\" data-rl_caption=\"\" data-rel=\"lightbox-gallery-1\"><img loading=\"lazy\" decoding=\"async\" src=\"https:\/\/www.dursmlodzi.org.pl\/wp-content\/uploads\/2022\/01\/tabl-Sredni-150x150.jpg\" width=\"150\" height=\"150\" alt=\"\"\/><\/a><\/div><div class=\"rl-gallery-item\"><a href=\"https:\/\/www.dursmlodzi.org.pl\/wp-content\/uploads\/2022\/01\/tomek-Sredni.jpg\" title=\"\" data-rl_title=\"\" class=\"rl-gallery-link\" data-rl_caption=\"\" data-rel=\"lightbox-gallery-1\"><img loading=\"lazy\" decoding=\"async\" src=\"https:\/\/www.dursmlodzi.org.pl\/wp-content\/uploads\/2022\/01\/tomek-Sredni-150x150.jpg\" width=\"150\" height=\"150\" alt=\"\"\/><\/a><\/div><div class=\"rl-gallery-item\"><a href=\"https:\/\/www.dursmlodzi.org.pl\/wp-content\/uploads\/2022\/01\/wszyjscy2-Sredni.jpg\" title=\"\" data-rl_title=\"\" class=\"rl-gallery-link\" data-rl_caption=\"\" data-rel=\"lightbox-gallery-1\"><img loading=\"lazy\" decoding=\"async\" src=\"https:\/\/www.dursmlodzi.org.pl\/wp-content\/uploads\/2022\/01\/wszyjscy2-Sredni-150x150.jpg\" width=\"150\" height=\"150\" alt=\"\"\/><\/a><\/div><div class=\"rl-gallery-item\"><a href=\"https:\/\/www.dursmlodzi.org.pl\/wp-content\/uploads\/2022\/01\/wywi-Sredni.jpg\" title=\"\" data-rl_title=\"\" class=\"rl-gallery-link\" data-rl_caption=\"\" data-rel=\"lightbox-gallery-1\"><img loading=\"lazy\" decoding=\"async\" src=\"https:\/\/www.dursmlodzi.org.pl\/wp-content\/uploads\/2022\/01\/wywi-Sredni-150x150.jpg\" width=\"150\" height=\"150\" alt=\"\"\/><\/a><\/div> <\/div> <\/div><\/span><\/p>\n","protected":false},"excerpt":{"rendered":"<p>Demokratyczna Unia Regionalist\u00f3w \u015al\u0105skich w ramach \u015al\u014dnskich Sztwortk\u00f4w we Halo Rybnik, zor\u00f4rganizowa\u0142a ju\u017c 26 tref. Na trefie kej dycki sz\u0142o nie yno pos\u0142\u014dcha\u0107 a pogoda\u0107 ale ty\u017c napi\u0107 sie tyju a b\u014dnkawy. Terozki pod mianym: \u201cTragedyjo G\u00f3rno\u015bl\u014dnsko we rokach 1945-1956\u2033. Godka by\u0142a \u00f4 tym, co b\u014d\u0142o we tych rokach g\u0142\u014dwnie na ziymi rybnickij. \u00d4 prze\u015bladowaniach&hellip; <br \/> <a class=\"read-more\" href=\"https:\/\/www.dursmlodzi.org.pl\/?p=1342\">Dowiedz si\u0119 wi\u0119cej<\/a><\/p>\n","protected":false},"author":1,"featured_media":1345,"comment_status":"closed","ping_status":"closed","sticky":false,"template":"","format":"standard","meta":{"footnotes":""},"categories":[5,14],"tags":[],"class_list":["post-1342","post","type-post","status-publish","format-standard","has-post-thumbnail","hentry","category-aktualnosci","category-tref"],"_links":{"self":[{"href":"https:\/\/www.dursmlodzi.org.pl\/index.php?rest_route=\/wp\/v2\/posts\/1342","targetHints":{"allow":["GET"]}}],"collection":[{"href":"https:\/\/www.dursmlodzi.org.pl\/index.php?rest_route=\/wp\/v2\/posts"}],"about":[{"href":"https:\/\/www.dursmlodzi.org.pl\/index.php?rest_route=\/wp\/v2\/types\/post"}],"author":[{"embeddable":true,"href":"https:\/\/www.dursmlodzi.org.pl\/index.php?rest_route=\/wp\/v2\/users\/1"}],"replies":[{"embeddable":true,"href":"https:\/\/www.dursmlodzi.org.pl\/index.php?rest_route=%2Fwp%2Fv2%2Fcomments&post=1342"}],"version-history":[{"count":2,"href":"https:\/\/www.dursmlodzi.org.pl\/index.php?rest_route=\/wp\/v2\/posts\/1342\/revisions"}],"predecessor-version":[{"id":1346,"href":"https:\/\/www.dursmlodzi.org.pl\/index.php?rest_route=\/wp\/v2\/posts\/1342\/revisions\/1346"}],"wp:featuredmedia":[{"embeddable":true,"href":"https:\/\/www.dursmlodzi.org.pl\/index.php?rest_route=\/wp\/v2\/media\/1345"}],"wp:attachment":[{"href":"https:\/\/www.dursmlodzi.org.pl\/index.php?rest_route=%2Fwp%2Fv2%2Fmedia&parent=1342"}],"wp:term":[{"taxonomy":"category","embeddable":true,"href":"https:\/\/www.dursmlodzi.org.pl\/index.php?rest_route=%2Fwp%2Fv2%2Fcategories&post=1342"},{"taxonomy":"post_tag","embeddable":true,"href":"https:\/\/www.dursmlodzi.org.pl\/index.php?rest_route=%2Fwp%2Fv2%2Ftags&post=1342"}],"curies":[{"name":"wp","href":"https:\/\/api.w.org\/{rel}","templated":true}]}}