{"id":1363,"date":"2022-02-09T00:36:48","date_gmt":"2022-02-09T00:36:48","guid":{"rendered":"https:\/\/www.dursmlodzi.org.pl\/?p=1363"},"modified":"2022-03-11T04:14:20","modified_gmt":"2022-03-11T04:14:20","slug":"regulamin-konkursu-na-projekt-postaci-dursika-ze-slaska","status":"publish","type":"post","link":"https:\/\/www.dursmlodzi.org.pl\/?p=1363","title":{"rendered":"Regulamin konkursu na projekt postaci Dursika ze \u015al\u0105ska"},"content":{"rendered":"<p><a href=\"https:\/\/www.dursmlodzi.org.pl\/wp-content\/uploads\/2022\/03\/DURS-konkurs-plastyczny-regulamin.pdf\">DUR\u015a konkurs plastyczny &#8211; regulamin<\/a><\/p>\n<p><strong>Regulamin konkursu na projekt postaci <em>Dursika ze \u015al\u0105ska<\/em><\/strong><\/p>\n<p><strong>Stowarzyszenie <em>Demokratyczna Unia Regionalist\u00f3w \u015al\u0105skich<\/em> (DUR\u015a)<br \/>\norganizuje konkurs plastyczny dla m\u0142odszych dzieci<br \/>\n\u2013 wychowank\u00f3w przedszkoli i uczni\u00f3w klas I-III szk\u00f3\u0142 podstawowych.<\/strong><\/p>\n<p><strong>\u00a0<\/strong><\/p>\n<ul>\n<li>1<\/li>\n<\/ul>\n<ol>\n<li>Stowarzyszenie Demokratyczna Unia Regionalist\u00f3w \u015al\u0105skich z siedzib\u0105 w Rybniku, zwane dalej DUR\u015a lub \u201eOrganizatorem\u201d, organizuje Konkurs na projekt postaci <strong><em>Dursika ze \u015al\u0105ska<\/em><\/strong> , polegaj\u0105cy na przygotowaniu projektu graficznego, zwanego dalej \u201eprac\u0105 konkursow\u0105\u201d.<\/li>\n<li>Tre\u015b\u0107 projektu graficznego pracy konkursowej musi by\u0107 zwi\u0105zana z histori\u0105, kultur\u0105, architektur\u0105, gospodark\u0105 lub przyrod\u0105 G\u00f3rnego \u015al\u0105ska.<\/li>\n<li>Konkurs ma na celu wyb\u00f3r najciekawszych prac konkursowych, kt\u00f3re mog\u0105 pos\u0142u\u017cy\u0107 jako pierwowzory okoliczno\u015bciowych grafik, plakietek lub maskotek.<\/li>\n<\/ol>\n<ul>\n<li>2<\/li>\n<\/ul>\n<ol>\n<li>Konkurs trwa od dnia 1.03.2022 r. do dnia 30.04.2022 r.<\/li>\n<li>Konkurs jest organizowany dla wychowank\u00f3w przedszkoli oraz uczni\u00f3w klas I-III szk\u00f3\u0142 podstawowych.<\/li>\n<li>Zg\u0142oszenia do Konkursu mog\u0105 dokona\u0107 rodzice lub nauczyciele za zgod\u0105 rodzic\u00f3w.<\/li>\n<li>Udzia\u0142 w konkursie jest bezp\u0142atny.<\/li>\n<li>Organizator nie pokrywa i nie zwraca koszt\u00f3w przygotowania prac konkursowych.<\/li>\n<li>Jeden uczestnik mo\u017ce dokona\u0107 wy\u0142\u0105cznie jednego zg\u0142oszenia w Konkursie.<\/li>\n<\/ol>\n<ul>\n<li>3<\/li>\n<\/ul>\n<ol>\n<li>Zg\u0142oszenia do Konkursu przyjmowane b\u0119d\u0105 razem z prac\u0105 konkursow\u0105 do dnia <strong>30 kwietnia<br \/>\n2022 r. w Zabytkowej Kopalni Ignacy w Rybniku, Ignacego Mo\u015bcickiego 3, 44-273 Rybnik<\/strong>. Zg\u0142oszenie powinno by\u0107 zatytu\u0142owane <strong>\u201eKonkurs \u2013 Dursik ze \u015al\u0105ska\u201d.<\/strong><\/li>\n<li>Warunkiem udzia\u0142u w Konkursie jest przes\u0142anie na adres <strong>Zabytkowa Kopalnia Ignacy,<br \/>\nIgnacego Mo\u015bcickiego 3, 44-273 Rybnik<\/strong> w zamkni\u0119tej kopercie, pracy konkursowej wraz<br \/>\nz formularzem zg\u0142oszenia do Konkursu stanowi\u0105cym za\u0142\u0105cznik nr 1 do Regulaminu.<\/li>\n<li>Przed zg\u0142oszeniem do Konkursu, w jego trakcie i po Konkursie, praca konkursowa nie mo\u017ce by\u0107 upubliczniona przez Uczestnika Konkursu, np.: na wystawie, na stronach internetowych itp.<\/li>\n<li>Nades\u0142ane prace konkursowe nie b\u0119d\u0105 zwracane.<\/li>\n<li>Praca konkursowa musi by\u0107 zgodna z za\u0142o\u017ceniami technicznymi stanowi\u0105cymi za\u0142\u0105cznik nr 2 do Regulaminu.<\/li>\n<li>Prace niespe\u0142niaj\u0105ce warunk\u00f3w Regulaminu Konkursu nie b\u0119d\u0105 zakwalifikowane do Konkursu<br \/>\ni nie b\u0119d\u0105 podlega\u0142y ocenie Komisji Konkursu.<\/li>\n<li>W przypadku, gdyby o\u015bwiadczenia Uczestnika Konkursu z\u0142o\u017cone w formularzu zg\u0142oszenia do Konkursu, okaza\u0142y si\u0119 nieprawdziwe, ponosi on pe\u0142n\u0105 odpowiedzialno\u015b\u0107 w stosunku do Organizatora, jak i os\u00f3b trzecich za ewentualne szkody zwi\u0105zane z przes\u0142aniem pracy konkursowej.<\/li>\n<\/ol>\n<ul>\n<li>4<\/li>\n<\/ul>\n<ol>\n<li>Oceny prac konkursowych oraz wy\u0142onienia laureat\u00f3w Konkursu dokonuje Komisja Konkursu.<\/li>\n<li>Komisja Konkursu b\u0119dzie ocenia\u0107 w oparciu o nast\u0119puj\u0105ce kryteria:<\/li>\n<\/ol>\n<ul>\n<li>kompozycja projektu,<\/li>\n<li>technika wykonania,<\/li>\n<li>oryginalno\u015b\u0107 i kreatywno\u015b\u0107 pracy konkursowej,<\/li>\n<li>og\u00f3lna estetyka pracy.<\/li>\n<\/ul>\n<ol start=\"3\">\n<li>Sk\u0142ad Komisji i spos\u00f3b dzia\u0142ania okre\u015bla Organizator, kt\u00f3ry mo\u017ce te\u017c dokona\u0107 zmian w trakcie trwania Konkursu.<\/li>\n<\/ol>\n<ul>\n<li>5<\/li>\n<\/ul>\n<ol>\n<li>Komisja Konkursu wy\u0142ania zwyci\u0119zc\u0119 Konkursu, a ponadto mo\u017ce przyzna\u0107 wyr\u00f3\u017cnienia.<\/li>\n<li>Najlepsze prace zostan\u0105 nagrodzone cennymi nagrodami rzeczowymi ufundowanymi przez organizatora Stowarzyszenie Demokratyczna Unia Regionalist\u00f3w \u015al\u0105skich (DUR\u015a), Prezydenta miasta Rybnika Piotra Kuczery, w\u0142a\u015bciciela sklepu Bisam w Rybniku Chwal\u0119cicach oraz firm\u0119 Lubar w Rybniku<\/li>\n<\/ol>\n<ul>\n<li>6<\/li>\n<\/ul>\n<ol>\n<li>O wynikach Konkursu oraz o terminie i miejscu wr\u0119czenia nagr\u00f3d laureaci Konkursu zostan\u0105 powiadomieni telefonicznie.<\/li>\n<li>Og\u0142oszenie wynik\u00f3w i wr\u0119czenie nagr\u00f3d nast\u0105pi 28 maja 2022 r. w trakcie <strong><em>Diktanda Godki \u015al\u014dnskij<\/em><\/strong> w Zabytkowej Kopalni Ignacy.<\/li>\n<\/ol>\n<ul>\n<li>7<\/li>\n<\/ul>\n<ol>\n<li>Wy\u0142onienie zwyci\u0119zcy nie stanowi zobowi\u0105zania Organizatora do publikacji wed\u0142ug projektu graficznego laureata konkursu.<\/li>\n<li>Autor ka\u017cdej pracy konkursowej zobowi\u0105zuje si\u0119 do przekazania Organizatorowi projektu bez odr\u0119bnego wynagrodzenia i autorskich praw maj\u0105tkowych.<\/li>\n<li>Organizator zastrzega sobie prawo publikacji prac konkursowych na stronach internetowych bez odr\u0119bnego wynagrodzenia dla ich autor\u00f3w. Ustalenia te nie naruszaj\u0105 osobistych praw autorskich autor\u00f3w prac.<\/li>\n<li>Organizator zastrzega sobie mo\u017cliwo\u015b\u0107 wykorzystania nagrodzonych prac konkursowych<br \/>\ni wyr\u00f3\u017cnionej pracy konkursowej w celach promocyjnych.<\/li>\n<li>Organizator nie ponosi odpowiedzialno\u015bci za nieprzestrzeganie przez Uczestnik\u00f3w Konkursu postanowie\u0144 przepis\u00f3w ustawy z dnia 4 lutego 1994 r. o prawie autorskim i prawach pokrewnych (Dz.U. z 2016 r., poz 666 z p\u00f3\u017an.zm).<\/li>\n<li>Udzia\u0142 w konkursie oznacza akceptacj\u0119 niniejszego Regulaminu.<\/li>\n<\/ol>\n<ul>\n<li>8<\/li>\n<\/ul>\n<p>W przypadku niejasno\u015bci wy\u0142\u0105czne prawo do interpretacji zapis\u00f3w Regulaminu ma Stowarzyszenie Demokratyczna Unia Regionalist\u00f3w \u015al\u0105skich w Rybniku.<\/p>\n<p>Szczeg\u00f3\u0142owe informacje mo\u017cna uzyska\u0107 pod numerem tel.: 507064749<br \/>\nb\u0105d\u017a pisz\u0105c na adres e-mail: i.porwol@dursmlodzi.org.pl<\/p>\n","protected":false},"excerpt":{"rendered":"<p>DUR\u015a konkurs plastyczny &#8211; regulamin Regulamin konkursu na projekt postaci Dursika ze \u015al\u0105ska Stowarzyszenie Demokratyczna Unia Regionalist\u00f3w \u015al\u0105skich (DUR\u015a) organizuje konkurs plastyczny dla m\u0142odszych dzieci \u2013 wychowank\u00f3w przedszkoli i uczni\u00f3w klas I-III szk\u00f3\u0142 podstawowych. \u00a0 1 Stowarzyszenie Demokratyczna Unia Regionalist\u00f3w \u015al\u0105skich z siedzib\u0105 w Rybniku, zwane dalej DUR\u015a lub \u201eOrganizatorem\u201d, organizuje Konkurs na projekt postaci&hellip; <br \/> <a class=\"read-more\" href=\"https:\/\/www.dursmlodzi.org.pl\/?p=1363\">Dowiedz si\u0119 wi\u0119cej<\/a><\/p>\n","protected":false},"author":1,"featured_media":128,"comment_status":"closed","ping_status":"closed","sticky":false,"template":"","format":"standard","meta":{"footnotes":""},"categories":[5,10],"tags":[],"class_list":["post-1363","post","type-post","status-publish","format-standard","has-post-thumbnail","hentry","category-aktualnosci","category-edukacja-regionalna"],"_links":{"self":[{"href":"https:\/\/www.dursmlodzi.org.pl\/index.php?rest_route=\/wp\/v2\/posts\/1363","targetHints":{"allow":["GET"]}}],"collection":[{"href":"https:\/\/www.dursmlodzi.org.pl\/index.php?rest_route=\/wp\/v2\/posts"}],"about":[{"href":"https:\/\/www.dursmlodzi.org.pl\/index.php?rest_route=\/wp\/v2\/types\/post"}],"author":[{"embeddable":true,"href":"https:\/\/www.dursmlodzi.org.pl\/index.php?rest_route=\/wp\/v2\/users\/1"}],"replies":[{"embeddable":true,"href":"https:\/\/www.dursmlodzi.org.pl\/index.php?rest_route=%2Fwp%2Fv2%2Fcomments&post=1363"}],"version-history":[{"count":5,"href":"https:\/\/www.dursmlodzi.org.pl\/index.php?rest_route=\/wp\/v2\/posts\/1363\/revisions"}],"predecessor-version":[{"id":1408,"href":"https:\/\/www.dursmlodzi.org.pl\/index.php?rest_route=\/wp\/v2\/posts\/1363\/revisions\/1408"}],"wp:featuredmedia":[{"embeddable":true,"href":"https:\/\/www.dursmlodzi.org.pl\/index.php?rest_route=\/wp\/v2\/media\/128"}],"wp:attachment":[{"href":"https:\/\/www.dursmlodzi.org.pl\/index.php?rest_route=%2Fwp%2Fv2%2Fmedia&parent=1363"}],"wp:term":[{"taxonomy":"category","embeddable":true,"href":"https:\/\/www.dursmlodzi.org.pl\/index.php?rest_route=%2Fwp%2Fv2%2Fcategories&post=1363"},{"taxonomy":"post_tag","embeddable":true,"href":"https:\/\/www.dursmlodzi.org.pl\/index.php?rest_route=%2Fwp%2Fv2%2Ftags&post=1363"}],"curies":[{"name":"wp","href":"https:\/\/api.w.org\/{rel}","templated":true}]}}