{"id":1583,"date":"2022-10-16T23:55:25","date_gmt":"2022-10-16T23:55:25","guid":{"rendered":"https:\/\/www.dursmlodzi.org.pl\/?p=1583"},"modified":"2022-10-28T04:02:32","modified_gmt":"2022-10-28T04:02:32","slug":"zaproszomy-na-xxx-tref-ze-seryji-slonski-sztwortek-2","status":"publish","type":"post","link":"https:\/\/www.dursmlodzi.org.pl\/?p=1583","title":{"rendered":"Zaprosz\u014dmy na XXXI tref ze seryji \u015al\u014dnski Sztwortek"},"content":{"rendered":"<p><span style=\"color: #000000;\">\u00d4\u00a0<wbr \/>swojij\u00a0<wbr \/>przygodach\u00a0<wbr \/>ze\u00a0<wbr \/>Afryk\u014d<wbr \/>m\u00a0<wbr \/>porozprowio\u00a0<wbr \/>n\u014d<wbr \/>m\u00a0<wbr \/>Lucjan\u00a0<wbr \/>Buchalik (<wbr \/>ur.\u00a0<wbr \/>1961),\u00a0<wbr \/>etnolog-<wbr \/>afrykanista,\u00a0<wbr \/>muzealnik\u00a0<wbr \/>kustosz\u00a0<wbr \/>dyplomowany, \u015a<wbr \/>l\u014d<wbr \/>nzok\u00a0<wbr \/>urodzony\u00a0<wbr \/>w\u00a0<wbr \/>Rybniku,\u00a0<wbr \/>zamieszka\u0142<wbr \/>y\u00a0<wbr \/>w\u00a0<wbr \/>Rowniu (\u017b<wbr \/>ory).\u00a0<wbr \/>Sko\u0144<wbr \/>czy\u0142\u00a0<wbr \/>studia\u00a0<wbr \/>na\u00a0<wbr \/>Wydziale\u00a0<wbr \/>Filozoficzno-<wbr \/>Historycznym\u00a0<wbr \/>Uniwersytetu\u00a0<wbr \/>Wroc\u0142<wbr \/>awskiego\u00a0<wbr \/>w\u00a0<wbr \/>zakresie\u00a0<wbr \/>etnografii (<wbr \/>1986).\u00a0<wbr \/>Uko\u0144<wbr \/>czy\u0142\u00a0<wbr \/>trzy-<wbr \/>semestralne\u00a0<wbr \/>studia\u00a0<wbr \/>podyplomowe\u00a0<wbr \/>na\u00a0<wbr \/>Wydziale\u00a0<wbr \/>Historycznym\u00a0<wbr \/>Uniwersytetu\u00a0<wbr \/>Warszawskiego\u00a0<wbr \/>w\u00a0<wbr \/>zakresie\u00a0<wbr \/>muzealnictwo (<wbr \/>1997-<wbr \/>99).\u00a0<wbr \/>Doktorat\u00a0<wbr \/>na\u00a0<wbr \/>Wydziale\u00a0<wbr \/>Historycznym\u00a0<wbr \/>UAM\u00a0<wbr \/>w\u00a0<wbr \/>Poznaniu (<wbr \/>2008).<!--more--><wbr \/><\/span><br \/>\n<span style=\"color: #000000;\"><wbr \/>Stworzy\u0142\u00a0<wbr \/>od\u00a0<wbr \/>podstaw\u00a0<wbr \/>sta\u0142\u0105\u00a0<wbr \/>ekspozycj\u0119\u00a0<wbr \/>zbior\u00f3<wbr \/>w\u00a0<wbr \/>pozaeuropejskich\u00a0<wbr \/>i \u015b<wbr \/>l\u0105<wbr \/>skich\u00a0<wbr \/>w \u017b<wbr \/>orach.\u00a0<wbr \/>Do\u00a0<wbr \/>Afryki\u00a0<wbr \/>wyjecha\u0142\u00a0<wbr \/>po\u00a0<wbr \/>raz\u00a0<wbr \/>pierwszy\u00a0<wbr \/>jako\u00a0<wbr \/>student (<wbr \/>1985),\u00a0<wbr \/>od\u00a0<wbr \/>tego\u00a0<wbr \/>czasu\u00a0<wbr \/>prowadzi\u00a0<wbr \/>badania\u00a0<wbr \/>etnologiczne\u00a0<wbr \/>w\u00a0<wbr \/>Afryce\u00a0<wbr \/>Zachodniej.\u00a0<wbr \/>W\u00a0<wbr \/>ramach\u00a0<wbr \/>bada\u0144\u00a0<wbr \/>wielokrotnie\u00a0<wbr \/>organizowa\u0142\u00a0<wbr \/>wyprawy\u00a0<wbr \/>do\u00a0<wbr \/>Maroka,\u00a0<wbr \/>Algierii,\u00a0<wbr \/>Egiptu,\u00a0<wbr \/>Mali,\u00a0<wbr \/>Burkiny\u00a0<wbr \/>Faso,\u00a0<wbr \/>Ghany,\u00a0<wbr \/>Wybrze\u017c<wbr \/>a\u00a0<wbr \/>Ko\u015b<wbr \/>ci\u00a0<wbr \/>S\u0142<wbr \/>oniowej,\u00a0<wbr \/>Togo,\u00a0<wbr \/>Beninu,\u00a0<wbr \/>Ugandy,\u00a0<wbr \/>Gwinei,\u00a0<wbr \/>Kamerunu\u00a0<wbr \/>oraz\u00a0<wbr \/>Czadu,\u00a0<wbr \/>kt\u00f3<wbr \/>re\u00a0<wbr \/>zasili\u0142<wbr \/>y\u00a0<wbr \/>zbiory\u00a0<wbr \/>muzeum.\u00a0<wbr \/>Dotychczasowym\u00a0<wbr \/>tematem\u00a0<wbr \/>bada\u0144\u00a0<wbr \/>by\u0142<wbr \/>o\u00a0<wbr \/>pokrewie\u0144<wbr \/>stwo \u017c<wbr \/>art\u00f3<wbr \/>w\u00a0<wbr \/>mi\u0119<wbr \/>dzy\u00a0<wbr \/>ludami\u00a0<wbr \/>Dogon\u00a0<wbr \/>z\u00a0<wbr \/>Mali\u00a0<wbr \/>i\u00a0<wbr \/>Kurumba\u00a0<wbr \/>z\u00a0<wbr \/>Burkiny\u00a0<wbr \/>Faso (<wbr \/>1997-<wbr \/>2004).\u00a0<wbr \/>Tematyka\u00a0<wbr \/>ta\u00a0<wbr \/>jest\u00a0<wbr \/>do\u015b\u0107\u00a0<wbr \/>istotna\u00a0<wbr \/>z\u00a0<wbr \/>punktu\u00a0<wbr \/>widzenia\u00a0<wbr \/>funkcjonowania\u00a0<wbr \/>wsp\u00f3\u0142<wbr \/>czesnych (<wbr \/>wieloetnicznych)\u00a0<wbr \/>pa\u0144<wbr \/>stw\u00a0<wbr \/>Afryki\u00a0<wbr \/>Zachodniej.\u00a0<wbr \/>P\u00f3\u017a<wbr \/>niej\u00a0<wbr \/>prowadzi\u0142\u00a0<wbr \/>badania\u00a0<wbr \/>z\u00a0<wbr \/>zakresu\u00a0<wbr \/>antropologii\u00a0<wbr \/>turystyki\u00a0<wbr \/>na\u00a0<wbr \/>przyk\u0142<wbr \/>adzie\u00a0<wbr \/>Dogon\u00f3<wbr \/>w\u00a0<wbr \/>z\u00a0<wbr \/>Mali,\u00a0<wbr \/>Somb\u00f3<wbr \/>w\u00a0<wbr \/>z\u00a0<wbr \/>Beninu\u00a0<wbr \/>i\u00a0<wbr \/>Tamberm\u00f3<wbr \/>w\u00a0<wbr \/>z\u00a0<wbr \/>Togo (<wbr \/>2007-<wbr \/>17).\u00a0<wbr \/>Aktualnie\u00a0<wbr \/>prowadzi\u00a0<wbr \/>badania\u00a0<wbr \/>nad\u00a0<wbr \/>zmianami\u00a0<wbr \/>w\u00a0<wbr \/>kulturze\u00a0<wbr \/>w\u015b<wbr \/>r\u00f3<wbr \/>d\u00a0<wbr \/>Kurumb\u00f3<wbr \/>w\u00a0<wbr \/>z\u00a0<wbr \/>p\u00f3\u0142<wbr \/>nocnej\u00a0<wbr \/>cz\u0119\u015b<wbr \/>ci\u00a0<wbr \/>Burkiny\u00a0<wbr \/>Faso.<wbr \/><\/span><br \/>\n<span style=\"color: #000000;\"><wbr \/>Po\u00a0<wbr \/>studiach\u00a0<wbr \/>rozpocz\u0105\u0142\u00a0<wbr \/>prac\u0119\u00a0<wbr \/>w\u00a0<wbr \/>Miejskim\u00a0<wbr \/>O\u015b<wbr \/>rodku\u00a0<wbr \/>Kultury\u00a0<wbr \/>w \u017b<wbr \/>orach,\u00a0<wbr \/>kt\u00f3<wbr \/>rego\u00a0<wbr \/>dyrektorem\u00a0<wbr \/>by\u0142\u00a0<wbr \/>w\u00a0<wbr \/>latach\u00a0<wbr \/>1990-<wbr \/>2002.\u00a0<wbr \/>Od\u00a0<wbr \/>2003\u00a0<wbr \/>r.\u00a0<wbr \/>pe\u0142<wbr \/>ni\u00a0<wbr \/>funkcj\u0119\u00a0<wbr \/>dyrektora\u00a0<wbr \/>Muzeum\u00a0<wbr \/>Miejskiego\u00a0<wbr \/>w \u017b<wbr \/>orach.\u00a0<wbr \/>W\u00a0<wbr \/>latach\u00a0<wbr \/>1997-<wbr \/>2013\u00a0<wbr \/>prowadzi\u0142\u00a0<wbr \/>zaj\u0119<wbr \/>cia\u00a0<wbr \/>z \u201e<wbr \/>Antropologii\u00a0<wbr \/>spo\u0142<wbr \/>ecze\u0144<wbr \/>stw\u00a0<wbr \/>pozaeuropejskich \u2013\u00a0<wbr \/>zderzenie\u00a0<wbr \/>kultur\u201d\u00a0<wbr \/>w\u00a0<wbr \/>Instytucie\u00a0<wbr \/>Nauk\u00a0<wbr \/>Spo\u0142<wbr \/>ecznych\u00a0<wbr \/>i\u00a0<wbr \/>Nauk\u00a0<wbr \/>o\u00a0<wbr \/>Kulturze\u00a0<wbr \/>Uniwersytetu \u015a<wbr \/>l\u0105<wbr \/>skiego\u00a0<wbr \/>filia\u00a0<wbr \/>w\u00a0<wbr \/>Cieszynie.<wbr \/><\/span><br \/>\n<span style=\"color: #000000;\"><wbr \/>Opublikowa\u0142\u00a0<wbr \/>ksi\u0105\u017c<wbr \/>ki:\u00a0<wbr \/>Kolorowy\u00a0<wbr \/>Sahel (<wbr \/>2000),\u00a0<wbr \/>Niewolnicy\u00a0<wbr \/>kobiet\u00a0<wbr \/>czyli\u00a0<wbr \/>pokrewie\u0144<wbr \/>stwo \u017c<wbr \/>art\u00f3<wbr \/>w\u00a0<wbr \/>Dogon\u00f3<wbr \/>w\u00a0<wbr \/>i\u00a0<wbr \/>Kurumba (<wbr \/>2009),\u00a0<wbr \/>Dogon\u00a0<wbr \/>ya\u00a0<wbr \/>gali.\u00a0<wbr \/>Dawny \u015b<wbr \/>wiat\u00a0<wbr \/>Dogon\u00f3<wbr \/>w (<wbr \/>2011),\u00a0<wbr \/>Dogonowie\u00a0<wbr \/>z\u00a0<wbr \/>bliska\u00a0<wbr \/>t.\u00a0<wbr \/>3 (<wbr \/>2022)\u00a0<wbr \/>oraz\u00a0<wbr \/>ponad\u00a0<wbr \/>sto\u00a0<wbr \/>artyku\u0142\u00f3<wbr \/>w\u00a0<wbr \/>w\u00a0<wbr \/>literaturze\u00a0<wbr \/>fachowej\u00a0<wbr \/>i\u00a0<wbr \/>popularnej,\u00a0<wbr \/>przede\u00a0<wbr \/>wszystkim\u00a0<wbr \/>na\u00a0<wbr \/>tematy\u00a0<wbr \/>afryka\u0144<wbr \/>skie\u00a0<wbr \/>ale\u00a0<wbr \/>tak\u017c<wbr \/>e\u00a0<wbr \/>azjatyckie\u00a0<wbr \/>i \u015b<wbr \/>l\u0105<wbr \/>skie.\u00a0<wbr \/>Kurator\u00a0<wbr \/>kilkudziesi\u0119<wbr \/>ciu\u00a0<wbr \/>wystaw\u00a0<wbr \/>nagrodzonych\u00a0<wbr \/>m.in.:\u00a0<wbr \/>SYBILL\u0104.<wbr \/><\/span><br \/>\n<span style=\"color: #000000;\"><wbr \/>Od\u00a0<wbr \/>2014\u00a0<wbr \/>r.\u00a0<wbr \/>cz\u0142<wbr \/>onek\u00a0<wbr \/>Zarz\u0105<wbr \/>du\u00a0<wbr \/>G\u0142\u00f3<wbr \/>wnego\u00a0<wbr \/>Stowarzyszenia\u00a0<wbr \/>Muzealnik\u00f3<wbr \/>w\u00a0<wbr \/>Polskich,\u00a0<wbr \/>nale\u017c<wbr \/>y\u00a0<wbr \/>r\u00f3<wbr \/>wnie\u017c\u00a0<wbr \/>do\u00a0<wbr \/>Polskiego\u00a0<wbr \/>Towarzystwa\u00a0<wbr \/>Ludoznawczego\u00a0<wbr \/>oraz\u00a0<wbr \/>ICOM\u00a0<wbr \/>Polska (<wbr \/>International\u00a0<wbr \/>Council\u00a0<wbr \/>of\u00a0<wbr \/>Museums)<wbr \/><\/span><br \/>\n<span style=\"color: #000000;\"><wbr \/>Uczestniczy\u0142\u00a0<wbr \/>w\u00a0<wbr \/>budowie\u00a0<wbr \/>szko\u0142<wbr \/>y\u00a0<wbr \/>podstawowej\u00a0<wbr \/>w\u00a0<wbr \/>Pobe-<wbr \/>Mengao (<wbr \/>ok.\u00a0<wbr \/>Djibo,\u00a0<wbr \/>p\u00f3\u0142<wbr \/>nocna\u00a0<wbr \/>cz\u0119\u015b\u0107\u00a0<wbr \/>Burkiny\u00a0<wbr \/>Faso),\u00a0<wbr \/>projekt\u00a0<wbr \/>by\u0142\u00a0<wbr \/>finansowany\u00a0<wbr \/>przez\u00a0<wbr \/>Ministerstwo\u00a0<wbr \/>Spraw\u00a0<wbr \/>Zagranicznych\u00a0<wbr \/>a\u00a0<wbr \/>organizowany\u00a0<wbr \/>przez\u00a0<wbr \/>Stowarzyszenie\u00a0<wbr \/>Edukacja\u00a0<wbr \/>dla\u00a0<wbr \/>Pokoju\u00a0<wbr \/>z\u00a0<wbr \/>Warszawy\u00a0<wbr \/>oraz\u00a0<wbr \/>Centrum\u00a0<wbr \/>Misji\u00a0<wbr \/>i\u00a0<wbr \/>Ewangelizacji\u00a0<wbr \/>z\u00a0<wbr \/>Dzi\u0119<wbr \/>gielowa.\u00a0<wbr \/>Udziela\u00a0<wbr \/>si\u0119\u00a0<wbr \/>w\u00a0<wbr \/>dzia\u0142<wbr \/>alno\u015b<wbr \/>ci\u00a0<wbr \/>charytatywnej\u00a0<wbr \/>w\u00a0<wbr \/>Burkinie\u00a0<wbr \/>Faso.\u00a0<wbr \/>W\u00a0<wbr \/>2022\u00a0<wbr \/>r.\u00a0<wbr \/>uczestniczy\u0142\u00a0<wbr \/>w\u00a0<wbr \/>poszukiwaniu\u00a0<wbr \/>porwanego\u00a0<wbr \/>w\u00a0<wbr \/>tym\u00a0<wbr \/>kraju\u00a0<wbr \/>polskiego\u00a0<wbr \/>turysty.<wbr \/><\/span><br \/>\n<span style=\"color: #000000;\"><wbr \/>Ca\u0142<wbr \/>o\u015b\u0107\u00a0<wbr \/>pokludzi\u00a0<wbr \/>Prezes\u00a0<wbr \/>DUR\u015a\u00a0<wbr \/>J\u00f4<wbr \/>zef\u00a0<wbr \/>Porwo\u0142\u00a0<wbr \/>a\u00a0<wbr \/>Tomasz \u015a<wbr \/>wierczek.<\/span><br \/>\n<span style=\"color: #000000;\"><wbr \/>Transmisja\u00a0<wbr \/>online\u00a0<wbr \/>Krzysztof\u00a0<wbr \/>Szweda.<\/span><\/p>\n","protected":false},"excerpt":{"rendered":"<p>\u00d4\u00a0swojij\u00a0przygodach\u00a0ze\u00a0Afryk\u014dm\u00a0porozprowio\u00a0n\u014dm\u00a0Lucjan\u00a0Buchalik (ur.\u00a01961),\u00a0etnolog-afrykanista,\u00a0muzealnik\u00a0kustosz\u00a0dyplomowany, \u015al\u014dnzok\u00a0urodzony\u00a0w\u00a0Rybniku,\u00a0zamieszka\u0142y\u00a0w\u00a0Rowniu (\u017bory).\u00a0Sko\u0144czy\u0142\u00a0studia\u00a0na\u00a0Wydziale\u00a0Filozoficzno-Historycznym\u00a0Uniwersytetu\u00a0Wroc\u0142awskiego\u00a0w\u00a0zakresie\u00a0etnografii (1986).\u00a0Uko\u0144czy\u0142\u00a0trzy-semestralne\u00a0studia\u00a0podyplomowe\u00a0na\u00a0Wydziale\u00a0Historycznym\u00a0Uniwersytetu\u00a0Warszawskiego\u00a0w\u00a0zakresie\u00a0muzealnictwo (1997-99).\u00a0Doktorat\u00a0na\u00a0Wydziale\u00a0Historycznym\u00a0UAM\u00a0w\u00a0Poznaniu (2008).<\/p>\n","protected":false},"author":1,"featured_media":1585,"comment_status":"closed","ping_status":"closed","sticky":false,"template":"","format":"standard","meta":{"footnotes":""},"categories":[5,10,14],"tags":[],"class_list":["post-1583","post","type-post","status-publish","format-standard","has-post-thumbnail","hentry","category-aktualnosci","category-edukacja-regionalna","category-tref"],"_links":{"self":[{"href":"https:\/\/www.dursmlodzi.org.pl\/index.php?rest_route=\/wp\/v2\/posts\/1583","targetHints":{"allow":["GET"]}}],"collection":[{"href":"https:\/\/www.dursmlodzi.org.pl\/index.php?rest_route=\/wp\/v2\/posts"}],"about":[{"href":"https:\/\/www.dursmlodzi.org.pl\/index.php?rest_route=\/wp\/v2\/types\/post"}],"author":[{"embeddable":true,"href":"https:\/\/www.dursmlodzi.org.pl\/index.php?rest_route=\/wp\/v2\/users\/1"}],"replies":[{"embeddable":true,"href":"https:\/\/www.dursmlodzi.org.pl\/index.php?rest_route=%2Fwp%2Fv2%2Fcomments&post=1583"}],"version-history":[{"count":4,"href":"https:\/\/www.dursmlodzi.org.pl\/index.php?rest_route=\/wp\/v2\/posts\/1583\/revisions"}],"predecessor-version":[{"id":1605,"href":"https:\/\/www.dursmlodzi.org.pl\/index.php?rest_route=\/wp\/v2\/posts\/1583\/revisions\/1605"}],"wp:featuredmedia":[{"embeddable":true,"href":"https:\/\/www.dursmlodzi.org.pl\/index.php?rest_route=\/wp\/v2\/media\/1585"}],"wp:attachment":[{"href":"https:\/\/www.dursmlodzi.org.pl\/index.php?rest_route=%2Fwp%2Fv2%2Fmedia&parent=1583"}],"wp:term":[{"taxonomy":"category","embeddable":true,"href":"https:\/\/www.dursmlodzi.org.pl\/index.php?rest_route=%2Fwp%2Fv2%2Fcategories&post=1583"},{"taxonomy":"post_tag","embeddable":true,"href":"https:\/\/www.dursmlodzi.org.pl\/index.php?rest_route=%2Fwp%2Fv2%2Ftags&post=1583"}],"curies":[{"name":"wp","href":"https:\/\/api.w.org\/{rel}","templated":true}]}}