{"id":1735,"date":"2023-04-23T04:35:53","date_gmt":"2023-04-23T04:35:53","guid":{"rendered":"https:\/\/www.dursmlodzi.org.pl\/?p=1735"},"modified":"2023-04-23T04:37:36","modified_gmt":"2023-04-23T04:37:36","slug":"xxxvi-tref-ze-seryji-slonski-sztwortek","status":"publish","type":"post","link":"https:\/\/www.dursmlodzi.org.pl\/?p=1735","title":{"rendered":"XXXVI tref ze seryji \u015al\u014dnski Sztwortek"},"content":{"rendered":"<div class=\"x11i5rnm xat24cr x1mh8g0r x1vvkbs xdj266r x126k92a\">\n<div dir=\"auto\"><span style=\"color: #000000;\">Wczoraj we Halo Rybnik b\u014d\u0142 XXXVI tref \u015bl\u014dnskigo sztw\u014frtku mianowo\u0142 sie\u00a0<a class=\"x1i10hfl xjbqb8w x6umtig x1b1mbwd xaqea5y xav7gou x9f619 x1ypdohk xt0psk2 xe8uvvx xdj266r x11i5rnm xat24cr x1mh8g0r xexx8yu x4uap5 x18d9i69 xkhd6sd x16tdsg8 x1hl2dhg xggy1nq x1a2a7pz xt0b8zv x1qq9wsj xo1l8bm\" style=\"color: #000000;\" tabindex=\"0\" title=\"Click to open in a new window or tab https:\/\/www.facebook.com\/events\/1519955795081183\/?__cft__[0]=AZUPC5Cq_Wx9Jz_INA7pwU4pAAEnUgWTEGrkZDg66NAGLMqLqJPRNdhfZwFxY2TRWZfV8w7hkIagG5mzgzWnwuGkc...\" role=\"link\" href=\"https:\/\/www.facebook.com\/events\/1519955795081183\/?__cft__[0]=AZUPC5Cq_Wx9Jz_INA7pwU4pAAEnUgWTEGrkZDg66NAGLMqLqJPRNdhfZwFxY2TRWZfV8w7hkIagG5mzgzWnwuGkcpgNqsZj0uALHxwQyuc-lx1Ztb-Vi5pjeUhEe962cUcb27msGkqXCb4gzXjulNy4ISSZqZUmi3BNl3aLazLQUiHs96xEDFM7-Dp_CdL2Y6YRERngNGIXfa2Euyehji3ojVZHx1RB5ZfwNj-8oYvJoA&amp;__tn__=-UK-R\"><span class=\"xt0psk2\">\u00d4 \u015al\u014dnsku i ze \u015al\u014dnska &#8211; subiektywny przegl\u014dnd naszyj literatury<\/span><\/a>\u00a0kej\u00a0<a class=\"x1i10hfl xjbqb8w x6umtig x1b1mbwd xaqea5y xav7gou x9f619 x1ypdohk xt0psk2 xe8uvvx xdj266r x11i5rnm xat24cr x1mh8g0r xexx8yu x4uap5 x18d9i69 xkhd6sd x16tdsg8 x1hl2dhg xggy1nq x1a2a7pz xt0b8zv x1qq9wsj xo1l8bm\" style=\"color: #000000;\" tabindex=\"0\" title=\"Click to open in a new window or tab https:\/\/www.facebook.com\/kristof.szweda?__cft__[0]=AZUPC5Cq_Wx9Jz_INA7pwU4pAAEnUgWTEGrkZDg66NAGLMqLqJPRNdhfZwFxY2TRWZfV8w7hkIagG5mzgzWnwuGkcpgNqsZj0uA...\" role=\"link\" href=\"https:\/\/www.facebook.com\/kristof.szweda?__cft__[0]=AZUPC5Cq_Wx9Jz_INA7pwU4pAAEnUgWTEGrkZDg66NAGLMqLqJPRNdhfZwFxY2TRWZfV8w7hkIagG5mzgzWnwuGkcpgNqsZj0uALHxwQyuc-lx1Ztb-Vi5pjeUhEe962cUcb27msGkqXCb4gzXjulNy4ISSZqZUmi3BNl3aLazLQUiHs96xEDFM7-Dp_CdL2Y6YRERngNGIXfa2Euyehji3ojVZHx1RB5ZfwNj-8oYvJoA&amp;__tn__=-]K-R\"><span class=\"xt0psk2\">Krzysztof Szweda<\/span><\/a>\u00a0\u00f4sprawi\u014d\u0142 ze Ela Janota i Paulina Rzymanek \u00f4 rozt\u014dmajtych knigach, ich pisaniu, przek\u0142\u014fdaniu i czymu je to take ciyn\u017cke.<\/span><\/div>\n<div dir=\"auto\"><span style=\"color: #000000;\">Video:\u00a0<a class=\"x1i10hfl xjbqb8w x6umtig x1b1mbwd xaqea5y xav7gou x9f619 x1ypdohk xt0psk2 xe8uvvx xdj266r x11i5rnm xat24cr x1mh8g0r xexx8yu x4uap5 x18d9i69 xkhd6sd x16tdsg8 x1hl2dhg xggy1nq x1a2a7pz xt0b8zv x1fey0fg\" style=\"color: #000000;\" tabindex=\"0\" title=\"Click to open in a new window or tab https:\/\/fb.watch\/k1eFllwXiC\/?fbclid=IwAR0K83H96PgfR3rBxcfSXY9WG-RlGPndk7_pYOgsEK0cI6T63QnXAfFbts0\" role=\"link\" href=\"https:\/\/fb.watch\/k1eFllwXiC\/?fbclid=IwAR0K83H96PgfR3rBxcfSXY9WG-RlGPndk7_pYOgsEK0cI6T63QnXAfFbts0\" rel=\"nofollow noopener\">https:\/\/fb.watch\/k1eFllwXiC\/<\/a><\/span><\/div>\n<\/div>\n<div class=\"x11i5rnm xat24cr x1mh8g0r x1vvkbs xtlvy1s x126k92a\">\n<div dir=\"auto\"><span style=\"color: #000000;\">Fot: Rafa\u0142 Lodzi\u0144ski, J\u00f3zef Porwo\u0142<\/span><\/div>\n<\/div>\n<div dir=\"auto\"><\/div>\n<div dir=\"auto\"><\/div>\n<div dir=\"auto\"><\/div>\n<div dir=\"auto\"><div class=\"rl-gallery-container rl-loading\" id=\"rl-gallery-container-1\" data-gallery_id=\"1739\"> <div class=\"rl-gallery rl-basicgrid-gallery \" id=\"rl-gallery-1\" data-gallery_no=\"1\"> <div class=\"rl-gallery-item\"><a href=\"https:\/\/www.dursmlodzi.org.pl\/wp-content\/uploads\/2023\/04\/6.jpg\" title=\"\" data-rl_title=\"\" class=\"rl-gallery-link\" data-rl_caption=\"\" data-rel=\"lightbox-gallery-1\"><img loading=\"lazy\" decoding=\"async\" src=\"https:\/\/www.dursmlodzi.org.pl\/wp-content\/uploads\/2023\/04\/6-150x150.jpg\" width=\"150\" height=\"150\" alt=\"\"\/><\/a><\/div><div class=\"rl-gallery-item\"><a href=\"https:\/\/www.dursmlodzi.org.pl\/wp-content\/uploads\/2023\/04\/5.jpg\" title=\"\" data-rl_title=\"\" class=\"rl-gallery-link\" data-rl_caption=\"\" data-rel=\"lightbox-gallery-1\"><img loading=\"lazy\" decoding=\"async\" src=\"https:\/\/www.dursmlodzi.org.pl\/wp-content\/uploads\/2023\/04\/5-150x150.jpg\" width=\"150\" height=\"150\" alt=\"\"\/><\/a><\/div><div class=\"rl-gallery-item\"><a href=\"https:\/\/www.dursmlodzi.org.pl\/wp-content\/uploads\/2023\/04\/4.jpg\" title=\"\" data-rl_title=\"\" class=\"rl-gallery-link\" data-rl_caption=\"\" data-rel=\"lightbox-gallery-1\"><img loading=\"lazy\" decoding=\"async\" src=\"https:\/\/www.dursmlodzi.org.pl\/wp-content\/uploads\/2023\/04\/4-150x150.jpg\" width=\"150\" height=\"150\" alt=\"\"\/><\/a><\/div><div class=\"rl-gallery-item\"><a href=\"https:\/\/www.dursmlodzi.org.pl\/wp-content\/uploads\/2023\/04\/3.jpg\" title=\"\" data-rl_title=\"\" class=\"rl-gallery-link\" data-rl_caption=\"\" data-rel=\"lightbox-gallery-1\"><img loading=\"lazy\" decoding=\"async\" src=\"https:\/\/www.dursmlodzi.org.pl\/wp-content\/uploads\/2023\/04\/3-150x150.jpg\" width=\"150\" height=\"150\" alt=\"\"\/><\/a><\/div><div class=\"rl-gallery-item\"><a href=\"https:\/\/www.dursmlodzi.org.pl\/wp-content\/uploads\/2023\/04\/2.png\" title=\"\" data-rl_title=\"\" class=\"rl-gallery-link\" data-rl_caption=\"\" data-rel=\"lightbox-gallery-1\"><img loading=\"lazy\" decoding=\"async\" src=\"https:\/\/www.dursmlodzi.org.pl\/wp-content\/uploads\/2023\/04\/2-150x150.png\" width=\"150\" height=\"150\" alt=\"\"\/><\/a><\/div><div class=\"rl-gallery-item\"><a href=\"https:\/\/www.dursmlodzi.org.pl\/wp-content\/uploads\/2023\/04\/1.jpg\" title=\"\" data-rl_title=\"\" class=\"rl-gallery-link\" data-rl_caption=\"\" data-rel=\"lightbox-gallery-1\"><img loading=\"lazy\" decoding=\"async\" src=\"https:\/\/www.dursmlodzi.org.pl\/wp-content\/uploads\/2023\/04\/1-150x150.jpg\" width=\"150\" height=\"150\" alt=\"\"\/><\/a><\/div> <\/div> <\/div><\/div>\n","protected":false},"excerpt":{"rendered":"<p>Wczoraj we Halo Rybnik b\u014d\u0142 XXXVI tref \u015bl\u014dnskigo sztw\u014frtku mianowo\u0142 sie\u00a0\u00d4 \u015al\u014dnsku i ze \u015al\u014dnska &#8211; subiektywny przegl\u014dnd naszyj literatury\u00a0kej\u00a0Krzysztof Szweda\u00a0\u00f4sprawi\u014d\u0142 ze Ela Janota i Paulina Rzymanek \u00f4 rozt\u014dmajtych knigach, ich pisaniu, przek\u0142\u014fdaniu i czymu je to take ciyn\u017cke. Video:\u00a0https:\/\/fb.watch\/k1eFllwXiC\/ Fot: Rafa\u0142 Lodzi\u0144ski, J\u00f3zef Porwo\u0142<\/p>\n","protected":false},"author":1,"featured_media":1742,"comment_status":"closed","ping_status":"closed","sticky":false,"template":"","format":"standard","meta":{"footnotes":""},"categories":[5,14],"tags":[],"class_list":["post-1735","post","type-post","status-publish","format-standard","has-post-thumbnail","hentry","category-aktualnosci","category-tref"],"_links":{"self":[{"href":"https:\/\/www.dursmlodzi.org.pl\/index.php?rest_route=\/wp\/v2\/posts\/1735","targetHints":{"allow":["GET"]}}],"collection":[{"href":"https:\/\/www.dursmlodzi.org.pl\/index.php?rest_route=\/wp\/v2\/posts"}],"about":[{"href":"https:\/\/www.dursmlodzi.org.pl\/index.php?rest_route=\/wp\/v2\/types\/post"}],"author":[{"embeddable":true,"href":"https:\/\/www.dursmlodzi.org.pl\/index.php?rest_route=\/wp\/v2\/users\/1"}],"replies":[{"embeddable":true,"href":"https:\/\/www.dursmlodzi.org.pl\/index.php?rest_route=%2Fwp%2Fv2%2Fcomments&post=1735"}],"version-history":[{"count":3,"href":"https:\/\/www.dursmlodzi.org.pl\/index.php?rest_route=\/wp\/v2\/posts\/1735\/revisions"}],"predecessor-version":[{"id":1747,"href":"https:\/\/www.dursmlodzi.org.pl\/index.php?rest_route=\/wp\/v2\/posts\/1735\/revisions\/1747"}],"wp:featuredmedia":[{"embeddable":true,"href":"https:\/\/www.dursmlodzi.org.pl\/index.php?rest_route=\/wp\/v2\/media\/1742"}],"wp:attachment":[{"href":"https:\/\/www.dursmlodzi.org.pl\/index.php?rest_route=%2Fwp%2Fv2%2Fmedia&parent=1735"}],"wp:term":[{"taxonomy":"category","embeddable":true,"href":"https:\/\/www.dursmlodzi.org.pl\/index.php?rest_route=%2Fwp%2Fv2%2Fcategories&post=1735"},{"taxonomy":"post_tag","embeddable":true,"href":"https:\/\/www.dursmlodzi.org.pl\/index.php?rest_route=%2Fwp%2Fv2%2Ftags&post=1735"}],"curies":[{"name":"wp","href":"https:\/\/api.w.org\/{rel}","templated":true}]}}