{"id":555,"date":"2016-03-01T20:23:58","date_gmt":"2016-03-01T20:23:58","guid":{"rendered":"http:\/\/www.dursmlodzi.org.pl\/?p=555"},"modified":"2018-11-18T20:29:37","modified_gmt":"2018-11-18T20:29:37","slug":"pap-nowy-obowiazkowy-przedmiot-w-podstawowkach-na-razie-tylko-w-rybniku","status":"publish","type":"post","link":"https:\/\/www.dursmlodzi.org.pl\/?p=555","title":{"rendered":"PAP \u2013 Nowy obowi\u0105zkowy przedmiot w podstaw\u00f3wkach. Na razie tylko w Rybniku"},"content":{"rendered":"<div class=\"listing_meta\"><span style=\"color: #000000;\"><span style=\"color: #000000;\">Nowy obowi\u0105zkowy przedmiot w podstaw\u00f3wkach. Na razie tylko w Rybniku.<\/span><\/span><\/div>\n<div><\/div>\n<div class=\"listing_meta\"><span style=\"color: #000000;\">Obowi\u0105zkowy przedmiot z edukacji regionalnej zostanie wprowadzony w klasach czwartych szk\u00f3\u0142 podstawowych w Rybniku. Pierwsze lekcje rozpoczn\u0105 si\u0119 we wrze\u015bniu. \u201eOcena na \u015bwiadectwie te\u017c b\u0119dzie\u201d \u2013 poinformowa\u0142y we wtorek na konferencji prasowej w\u0142adze miasta. <\/span><a style=\"color: #000000;\" href=\"http:\/\/kurier.pap.pl\/depesza\/161979\/\">Kliknij<\/a><span style=\"color: #000000;\">\u00a0i przeczytaj ca\u0142y artyku\u0142.<\/span><\/div>\n","protected":false},"excerpt":{"rendered":"<p>Nowy obowi\u0105zkowy przedmiot w podstaw\u00f3wkach. Na razie tylko w Rybniku. Obowi\u0105zkowy przedmiot z edukacji regionalnej zostanie wprowadzony w klasach czwartych szk\u00f3\u0142 podstawowych w Rybniku. Pierwsze lekcje rozpoczn\u0105 si\u0119 we wrze\u015bniu. \u201eOcena na \u015bwiadectwie te\u017c b\u0119dzie\u201d \u2013 poinformowa\u0142y we wtorek na konferencji prasowej w\u0142adze miasta. Kliknij\u00a0i przeczytaj ca\u0142y artyku\u0142.<\/p>\n","protected":false},"author":1,"featured_media":498,"comment_status":"open","ping_status":"open","sticky":false,"template":"","format":"standard","meta":{"footnotes":""},"categories":[6],"tags":[],"class_list":["post-555","post","type-post","status-publish","format-standard","has-post-thumbnail","hentry","category-media-o-nas"],"_links":{"self":[{"href":"https:\/\/www.dursmlodzi.org.pl\/index.php?rest_route=\/wp\/v2\/posts\/555","targetHints":{"allow":["GET"]}}],"collection":[{"href":"https:\/\/www.dursmlodzi.org.pl\/index.php?rest_route=\/wp\/v2\/posts"}],"about":[{"href":"https:\/\/www.dursmlodzi.org.pl\/index.php?rest_route=\/wp\/v2\/types\/post"}],"author":[{"embeddable":true,"href":"https:\/\/www.dursmlodzi.org.pl\/index.php?rest_route=\/wp\/v2\/users\/1"}],"replies":[{"embeddable":true,"href":"https:\/\/www.dursmlodzi.org.pl\/index.php?rest_route=%2Fwp%2Fv2%2Fcomments&post=555"}],"version-history":[{"count":8,"href":"https:\/\/www.dursmlodzi.org.pl\/index.php?rest_route=\/wp\/v2\/posts\/555\/revisions"}],"predecessor-version":[{"id":563,"href":"https:\/\/www.dursmlodzi.org.pl\/index.php?rest_route=\/wp\/v2\/posts\/555\/revisions\/563"}],"wp:featuredmedia":[{"embeddable":true,"href":"https:\/\/www.dursmlodzi.org.pl\/index.php?rest_route=\/wp\/v2\/media\/498"}],"wp:attachment":[{"href":"https:\/\/www.dursmlodzi.org.pl\/index.php?rest_route=%2Fwp%2Fv2%2Fmedia&parent=555"}],"wp:term":[{"taxonomy":"category","embeddable":true,"href":"https:\/\/www.dursmlodzi.org.pl\/index.php?rest_route=%2Fwp%2Fv2%2Fcategories&post=555"},{"taxonomy":"post_tag","embeddable":true,"href":"https:\/\/www.dursmlodzi.org.pl\/index.php?rest_route=%2Fwp%2Fv2%2Ftags&post=555"}],"curies":[{"name":"wp","href":"https:\/\/api.w.org\/{rel}","templated":true}]}}