{"id":564,"date":"2016-03-11T20:27:02","date_gmt":"2016-03-11T20:27:02","guid":{"rendered":"http:\/\/www.dursmlodzi.org.pl\/?p=564"},"modified":"2018-11-18T20:28:41","modified_gmt":"2018-11-18T20:28:41","slug":"portal-samorzadowy-nowy-przedmiot-edukacja-regionalna-takze-w-innych-szkolach-prowadza-rozmowy-w-tej-sprawie","status":"publish","type":"post","link":"https:\/\/www.dursmlodzi.org.pl\/?p=564","title":{"rendered":"Portal Samorz\u0105dowy \u2013 Nowy przedmiot \u2013 edukacja regionalna tak\u017ce w innych szko\u0142ach? Prowadz\u0105 rozmowy w tej sprawie"},"content":{"rendered":"<div class=\"listing_meta\"><span style=\"color: #000000;\">Nowy przedmiot \u2013 edukacja regionalna tak\u017ce w innych szko\u0142ach? Prowadz\u0105 rozmowy w tej sprawie.<\/span><\/div>\n<div><\/div>\n<div class=\"preview_content\">\n<article class=\"contentarea\">\n<ul>\n<li><span style=\"color: #000000;\">Na \u015al\u0105sku prowadzone s\u0105 rozmowy ws. wprowadzenia edukacji regionalnej do szk\u00f3\u0142.<\/span><\/li>\n<li><span style=\"color: #000000;\">W rozmowach z samorz\u0105dami udzia\u0142 bior\u0105 cz\u0142onkowie Demokratycznej Unii Regionalist\u00f3w \u015al\u0105skich.<\/span><\/li>\n<li><span style=\"color: #000000;\">Lekcje maj\u0105 by\u0107 od wrze\u015bnia obowi\u0105zkowe w Rybniku.<\/span><\/li>\n<li><span style=\"color: #000000;\">Regionali\u015bci chc\u0105 do tego zach\u0119ci\u0107 r\u00f3wnie\u017c inne miasta i gminy.<\/span><\/li>\n<\/ul>\n<p><span style=\"color: #000000;\"><a style=\"color: #000000;\" href=\"http:\/\/www.portalsamorzadowy.pl\/edukacja\/slask-nowy-przedmiot-edukacja-regionalna-takze-w-innych-szkolach-prowadza-rozmowy-w-tej-sprawie,78564.html\">Kliknij<\/a>\u00a0i przeczytaj ca\u0142y artyku\u0142.<\/span><\/p>\n<\/article>\n<\/div>\n","protected":false},"excerpt":{"rendered":"<p>Nowy przedmiot \u2013 edukacja regionalna tak\u017ce w innych szko\u0142ach? Prowadz\u0105 rozmowy w tej sprawie. Na \u015al\u0105sku prowadzone s\u0105 rozmowy ws. wprowadzenia edukacji regionalnej do szk\u00f3\u0142. W rozmowach z samorz\u0105dami udzia\u0142 bior\u0105 cz\u0142onkowie Demokratycznej Unii Regionalist\u00f3w \u015al\u0105skich. Lekcje maj\u0105 by\u0107 od wrze\u015bnia obowi\u0105zkowe w Rybniku. Regionali\u015bci chc\u0105 do tego zach\u0119ci\u0107 r\u00f3wnie\u017c inne miasta i gminy. Kliknij\u00a0i&hellip; <br \/> <a class=\"read-more\" href=\"https:\/\/www.dursmlodzi.org.pl\/?p=564\">Dowiedz si\u0119 wi\u0119cej<\/a><\/p>\n","protected":false},"author":1,"featured_media":211,"comment_status":"open","ping_status":"open","sticky":false,"template":"","format":"standard","meta":{"footnotes":""},"categories":[6],"tags":[],"class_list":["post-564","post","type-post","status-publish","format-standard","has-post-thumbnail","hentry","category-media-o-nas"],"_links":{"self":[{"href":"https:\/\/www.dursmlodzi.org.pl\/index.php?rest_route=\/wp\/v2\/posts\/564","targetHints":{"allow":["GET"]}}],"collection":[{"href":"https:\/\/www.dursmlodzi.org.pl\/index.php?rest_route=\/wp\/v2\/posts"}],"about":[{"href":"https:\/\/www.dursmlodzi.org.pl\/index.php?rest_route=\/wp\/v2\/types\/post"}],"author":[{"embeddable":true,"href":"https:\/\/www.dursmlodzi.org.pl\/index.php?rest_route=\/wp\/v2\/users\/1"}],"replies":[{"embeddable":true,"href":"https:\/\/www.dursmlodzi.org.pl\/index.php?rest_route=%2Fwp%2Fv2%2Fcomments&post=564"}],"version-history":[{"count":1,"href":"https:\/\/www.dursmlodzi.org.pl\/index.php?rest_route=\/wp\/v2\/posts\/564\/revisions"}],"predecessor-version":[{"id":565,"href":"https:\/\/www.dursmlodzi.org.pl\/index.php?rest_route=\/wp\/v2\/posts\/564\/revisions\/565"}],"wp:featuredmedia":[{"embeddable":true,"href":"https:\/\/www.dursmlodzi.org.pl\/index.php?rest_route=\/wp\/v2\/media\/211"}],"wp:attachment":[{"href":"https:\/\/www.dursmlodzi.org.pl\/index.php?rest_route=%2Fwp%2Fv2%2Fmedia&parent=564"}],"wp:term":[{"taxonomy":"category","embeddable":true,"href":"https:\/\/www.dursmlodzi.org.pl\/index.php?rest_route=%2Fwp%2Fv2%2Fcategories&post=564"},{"taxonomy":"post_tag","embeddable":true,"href":"https:\/\/www.dursmlodzi.org.pl\/index.php?rest_route=%2Fwp%2Fv2%2Ftags&post=564"}],"curies":[{"name":"wp","href":"https:\/\/api.w.org\/{rel}","templated":true}]}}